{"id":3967,"date":"2019-09-29T10:12:28","date_gmt":"2019-09-29T08:12:28","guid":{"rendered":"http:\/\/www.meine-awi.de\/awi-aktuell\/?p=3967"},"modified":"2021-05-27T09:52:20","modified_gmt":"2021-05-27T07:52:20","slug":"das-augsburger-turamichele-fest-kinderfest-mit-tradition","status":"publish","type":"pressen","link":"https:\/\/www.meine-awi.de\/awi-aktuell\/pressen\/das-augsburger-turamichele-fest-kinderfest-mit-tradition\/","title":{"rendered":"Das Augsburger Turamichele-Fest &#8211; Kinderfest mit tradition"},"content":{"rendered":"<p>Rund um den Michaelitag am 29. September zeigt sich Augsburgs Turamichele \u2013 mit seinem traditionellen Kampf gegen das B\u00f6se. Der Sieg des Guten wird mit einem gro\u00dfen Fest in der Innenstadt und fliegenden Friedensgr\u00fc\u00dfen gefeiert.<\/p>\n<p>Jeweils zur vollen Stunde erscheint im Fenster des Perlachturms die Figur des Erzengels Michael. Zum Rhythmus der Glockenschl\u00e4ge bezwingt das Turamichele den Teufelsdrachen. Mit Unterst\u00fctzung der Zuschauer: Die Kinder auf dem Rathausplatz z\u00e4hlen lauthals die Stiche mit. Anschlie\u00dfend singen sie das Turamichele-Lied und lassen Luftballons mit Friedensbotschaften in den Himmel steigen.<\/p>\n<p>&nbsp;<\/p>\n","protected":false},"excerpt":{"rendered":"<p>Rund um den Michaelitag am 29. September zeigt sich Augsburgs Turamichele \u2013 mit seinem traditionellen Kampf gegen das B\u00f6se. Der Sieg des Guten wird mit einem gro\u00dfen Fest in der Innenstadt und fliegenden Friedensgr\u00fc\u00dfen gefeiert.<\/p>\n<p>Jeweils zur vollen Stunde erscheint im Fenster des Perlachturms die Figur des Erzengels Michael. Zum Rhythmus der Glockenschl\u00e4ge bezwingt das Turamichele den Teufelsdrachen. Mit Unterst\u00fctzung der Zuschauer: Die Kinder auf dem Rathausplatz z\u00e4hlen lauthals die Stiche mit. Anschlie\u00dfend singen sie das Turamichele-Lied und lassen Luftballons mit Friedensbotschaften in den Himmel steigen.<\/p>\n","protected":false},"author":4,"featured_media":5488,"template":"","nachricht-fur":[124],"wo-soll-es-gezeigt-werden":[],"class_list":["post-3967","pressen","type-pressen","status-publish","has-post-thumbnail","hentry","nachricht-fur-awi-welt"],"yoast_head":"<!-- This site is optimized with the Yoast SEO Premium plugin v27.2 (Yoast SEO v27.5) - https:\/\/yoast.com\/product\/yoast-seo-premium-wordpress\/ -->\n<title>Das Augsburger Turamichele-Fest - Kinderfest mit tradition | Aktuelle Steuerthemen Steuerberater &amp; Wirtschaftspr\u00fcfer Augsburg<\/title>\n<meta name=\"description\" content=\"Rund um den Michaelitag am 29. September zeigt sich Augsburgs Turamichele \u2013 mit seinem traditionellen Kampf gegen das B\u00f6se. Der Sieg des Guten wird mit einem gro\u00dfen Fest in der Innenstadt und fliegenden Friedensgr\u00fc\u00dfen gefeiert.\" \/>\n<meta name=\"robots\" content=\"index, follow, max-snippet:-1, max-image-preview:large, max-video-preview:-1\" \/>\n<link rel=\"canonical\" href=\"https:\/\/www.meine-awi.de\/awi-aktuell\/pressen\/das-augsburger-turamichele-fest-kinderfest-mit-tradition\/\" \/>\n<meta property=\"og:locale\" content=\"de_DE\" \/>\n<meta property=\"og:type\" content=\"article\" \/>\n<meta property=\"og:title\" content=\"Das Augsburger Turamichele-Fest - Kinderfest mit tradition\" \/>\n<meta property=\"og:description\" content=\"Rund um den Michaelitag am 29. September zeigt sich Augsburgs Turamichele \u2013 mit seinem traditionellen Kampf gegen das B\u00f6se. Der Sieg des Guten wird mit einem gro\u00dfen Fest in der Innenstadt und fliegenden Friedensgr\u00fc\u00dfen gefeiert.  Jeweils zur vollen Stunde erscheint im Fenster des Perlachturms die Figur des Erzengels Michael. Zum Rhythmus der Glockenschl\u00e4ge bezwingt das Turamichele den Teufelsdrachen. Mit Unterst\u00fctzung der Zuschauer: Die Kinder auf dem Rathausplatz z\u00e4hlen lauthals die Stiche mit. Anschlie\u00dfend singen sie das Turamichele-Lied und lassen Luftballons mit Friedensbotschaften in den Himmel steigen.\" \/>\n<meta property=\"og:url\" content=\"https:\/\/www.meine-awi.de\/awi-aktuell\/pressen\/das-augsburger-turamichele-fest-kinderfest-mit-tradition\/\" \/>\n<meta property=\"og:site_name\" content=\"Aktuelle Steuerthemen Steuerberater &amp; Wirtschaftspr\u00fcfer Augsburg\" \/>\n<meta property=\"article:modified_time\" content=\"2021-05-27T07:52:20+00:00\" \/>\n<meta property=\"og:image\" content=\"https:\/\/www.meine-awi.de\/awi-aktuell\/wp-content\/uploads\/sites\/6\/2020\/09\/Turamichele-Kinderfest-2019.jpg\" \/>\n\t<meta property=\"og:image:width\" content=\"525\" \/>\n\t<meta property=\"og:image:height\" content=\"700\" \/>\n\t<meta property=\"og:image:type\" content=\"image\/jpeg\" \/>\n<meta name=\"twitter:card\" content=\"summary_large_image\" \/>\n<script type=\"application\/ld+json\" class=\"yoast-schema-graph\">{\"@context\":\"https:\\\/\\\/schema.org\",\"@graph\":[{\"@type\":\"NewsArticle\",\"@id\":\"https:\\\/\\\/www.meine-awi.de\\\/awi-aktuell\\\/pressen\\\/das-augsburger-turamichele-fest-kinderfest-mit-tradition\\\/#article\",\"isPartOf\":{\"@id\":\"https:\\\/\\\/www.meine-awi.de\\\/awi-aktuell\\\/pressen\\\/das-augsburger-turamichele-fest-kinderfest-mit-tradition\\\/\"},\"author\":{\"name\":\"Francesco Greco\",\"@id\":\"https:\\\/\\\/www.meine-awi.de\\\/awi-aktuell\\\/#\\\/schema\\\/person\\\/064d3056a748d391037cc560c58c4018\"},\"headline\":\"Das Augsburger Turamichele-Fest &#8211; Kinderfest mit tradition\",\"datePublished\":\"2019-09-29T08:12:28+00:00\",\"dateModified\":\"2021-05-27T07:52:20+00:00\",\"mainEntityOfPage\":{\"@id\":\"https:\\\/\\\/www.meine-awi.de\\\/awi-aktuell\\\/pressen\\\/das-augsburger-turamichele-fest-kinderfest-mit-tradition\\\/\"},\"wordCount\":99,\"publisher\":{\"@id\":\"https:\\\/\\\/www.meine-awi.de\\\/awi-aktuell\\\/#organization\"},\"image\":{\"@id\":\"https:\\\/\\\/www.meine-awi.de\\\/awi-aktuell\\\/pressen\\\/das-augsburger-turamichele-fest-kinderfest-mit-tradition\\\/#primaryimage\"},\"thumbnailUrl\":\"https:\\\/\\\/www.meine-awi.de\\\/awi-aktuell\\\/wp-content\\\/uploads\\\/sites\\\/6\\\/2020\\\/09\\\/Turamichele-Kinderfest-2019.jpg\",\"articleSection\":[\"Senza Categoria\"],\"inLanguage\":\"de\"},{\"@type\":\"WebPage\",\"@id\":\"https:\\\/\\\/www.meine-awi.de\\\/awi-aktuell\\\/pressen\\\/das-augsburger-turamichele-fest-kinderfest-mit-tradition\\\/\",\"url\":\"https:\\\/\\\/www.meine-awi.de\\\/awi-aktuell\\\/pressen\\\/das-augsburger-turamichele-fest-kinderfest-mit-tradition\\\/\",\"name\":\"Das Augsburger Turamichele-Fest - Kinderfest mit tradition | Aktuelle Steuerthemen Steuerberater &amp; Wirtschaftspr\u00fcfer Augsburg\",\"isPartOf\":{\"@id\":\"https:\\\/\\\/www.meine-awi.de\\\/awi-aktuell\\\/#website\"},\"primaryImageOfPage\":{\"@id\":\"https:\\\/\\\/www.meine-awi.de\\\/awi-aktuell\\\/pressen\\\/das-augsburger-turamichele-fest-kinderfest-mit-tradition\\\/#primaryimage\"},\"image\":{\"@id\":\"https:\\\/\\\/www.meine-awi.de\\\/awi-aktuell\\\/pressen\\\/das-augsburger-turamichele-fest-kinderfest-mit-tradition\\\/#primaryimage\"},\"thumbnailUrl\":\"https:\\\/\\\/www.meine-awi.de\\\/awi-aktuell\\\/wp-content\\\/uploads\\\/sites\\\/6\\\/2020\\\/09\\\/Turamichele-Kinderfest-2019.jpg\",\"datePublished\":\"2019-09-29T08:12:28+00:00\",\"dateModified\":\"2021-05-27T07:52:20+00:00\",\"description\":\"Rund um den Michaelitag am 29. September zeigt sich Augsburgs Turamichele \u2013 mit seinem traditionellen Kampf gegen das B\u00f6se. Der Sieg des Guten wird mit einem gro\u00dfen Fest in der Innenstadt und fliegenden Friedensgr\u00fc\u00dfen gefeiert.\",\"breadcrumb\":{\"@id\":\"https:\\\/\\\/www.meine-awi.de\\\/awi-aktuell\\\/pressen\\\/das-augsburger-turamichele-fest-kinderfest-mit-tradition\\\/#breadcrumb\"},\"inLanguage\":\"de\",\"potentialAction\":[{\"@type\":\"ReadAction\",\"target\":[\"https:\\\/\\\/www.meine-awi.de\\\/awi-aktuell\\\/pressen\\\/das-augsburger-turamichele-fest-kinderfest-mit-tradition\\\/\"]}]},{\"@type\":\"ImageObject\",\"inLanguage\":\"de\",\"@id\":\"https:\\\/\\\/www.meine-awi.de\\\/awi-aktuell\\\/pressen\\\/das-augsburger-turamichele-fest-kinderfest-mit-tradition\\\/#primaryimage\",\"url\":\"https:\\\/\\\/www.meine-awi.de\\\/awi-aktuell\\\/wp-content\\\/uploads\\\/sites\\\/6\\\/2020\\\/09\\\/Turamichele-Kinderfest-2019.jpg\",\"contentUrl\":\"https:\\\/\\\/www.meine-awi.de\\\/awi-aktuell\\\/wp-content\\\/uploads\\\/sites\\\/6\\\/2020\\\/09\\\/Turamichele-Kinderfest-2019.jpg\",\"width\":525,\"height\":700},{\"@type\":\"BreadcrumbList\",\"@id\":\"https:\\\/\\\/www.meine-awi.de\\\/awi-aktuell\\\/pressen\\\/das-augsburger-turamichele-fest-kinderfest-mit-tradition\\\/#breadcrumb\",\"itemListElement\":[{\"@type\":\"ListItem\",\"position\":1,\"name\":\"Home\",\"item\":\"https:\\\/\\\/www.meine-awi.de\\\/awi-aktuell\\\/\"},{\"@type\":\"ListItem\",\"position\":2,\"name\":\"Press\",\"item\":\"https:\\\/\\\/www.meine-awi.de\\\/awi-aktuell\\\/pressen\\\/\"},{\"@type\":\"ListItem\",\"position\":3,\"name\":\"AWI Welt\",\"item\":\"https:\\\/\\\/www.meine-awi.de\\\/awi-aktuell\\\/nachricht-fur\\\/awi-welt\\\/\"},{\"@type\":\"ListItem\",\"position\":4,\"name\":\"Das Augsburger Turamichele-Fest &#8211; Kinderfest mit tradition\"}]},{\"@type\":\"WebSite\",\"@id\":\"https:\\\/\\\/www.meine-awi.de\\\/awi-aktuell\\\/#website\",\"url\":\"https:\\\/\\\/www.meine-awi.de\\\/awi-aktuell\\\/\",\"name\":\"Aktuelle Steuerthemen Steuerberater &amp; Wirtschaftspr\u00fcfer Augsburg\",\"description\":\"awi Wirtschaftskanzlei Augsburg\",\"publisher\":{\"@id\":\"https:\\\/\\\/www.meine-awi.de\\\/awi-aktuell\\\/#organization\"},\"potentialAction\":[{\"@type\":\"SearchAction\",\"target\":{\"@type\":\"EntryPoint\",\"urlTemplate\":\"https:\\\/\\\/www.meine-awi.de\\\/awi-aktuell\\\/?s={search_term_string}\"},\"query-input\":{\"@type\":\"PropertyValueSpecification\",\"valueRequired\":true,\"valueName\":\"search_term_string\"}}],\"inLanguage\":\"de\"},{\"@type\":\"Organization\",\"@id\":\"https:\\\/\\\/www.meine-awi.de\\\/awi-aktuell\\\/#organization\",\"name\":\"AWI TREUHAND\",\"url\":\"https:\\\/\\\/www.meine-awi.de\\\/awi-aktuell\\\/\",\"logo\":{\"@type\":\"ImageObject\",\"inLanguage\":\"de\",\"@id\":\"https:\\\/\\\/www.meine-awi.de\\\/awi-aktuell\\\/#\\\/schema\\\/logo\\\/image\\\/\",\"url\":\"https:\\\/\\\/www.meine-awi.de\\\/awi-aktuell\\\/wp-content\\\/uploads\\\/sites\\\/6\\\/2020\\\/12\\\/AWI-LOGO-grande-senza-awi.png\",\"contentUrl\":\"https:\\\/\\\/www.meine-awi.de\\\/awi-aktuell\\\/wp-content\\\/uploads\\\/sites\\\/6\\\/2020\\\/12\\\/AWI-LOGO-grande-senza-awi.png\",\"width\":497,\"height\":558,\"caption\":\"AWI TREUHAND\"},\"image\":{\"@id\":\"https:\\\/\\\/www.meine-awi.de\\\/awi-aktuell\\\/#\\\/schema\\\/logo\\\/image\\\/\"}},{\"@type\":\"Person\",\"@id\":\"https:\\\/\\\/www.meine-awi.de\\\/awi-aktuell\\\/#\\\/schema\\\/person\\\/064d3056a748d391037cc560c58c4018\",\"name\":\"Francesco Greco\",\"image\":{\"@type\":\"ImageObject\",\"inLanguage\":\"de\",\"@id\":\"https:\\\/\\\/secure.gravatar.com\\\/avatar\\\/7fda85abd54f7f60b4b0d3ef18ad4f91937432ed15cc10830743704ca8d1bf3f?s=96&d=mm&r=g\",\"url\":\"https:\\\/\\\/secure.gravatar.com\\\/avatar\\\/7fda85abd54f7f60b4b0d3ef18ad4f91937432ed15cc10830743704ca8d1bf3f?s=96&d=mm&r=g\",\"contentUrl\":\"https:\\\/\\\/secure.gravatar.com\\\/avatar\\\/7fda85abd54f7f60b4b0d3ef18ad4f91937432ed15cc10830743704ca8d1bf3f?s=96&d=mm&r=g\",\"caption\":\"Francesco Greco\"},\"url\":\"https:\\\/\\\/www.meine-awi.de\\\/awi-aktuell\\\/author\\\/greco\\\/\"}]}<\/script>\n<!-- \/ Yoast SEO Premium plugin. -->","yoast_head_json":{"title":"Das Augsburger Turamichele-Fest - Kinderfest mit tradition | Aktuelle Steuerthemen Steuerberater &amp; Wirtschaftspr\u00fcfer Augsburg","description":"Rund um den Michaelitag am 29. September zeigt sich Augsburgs Turamichele \u2013 mit seinem traditionellen Kampf gegen das B\u00f6se. Der Sieg des Guten wird mit einem gro\u00dfen Fest in der Innenstadt und fliegenden Friedensgr\u00fc\u00dfen gefeiert.","robots":{"index":"index","follow":"follow","max-snippet":"max-snippet:-1","max-image-preview":"max-image-preview:large","max-video-preview":"max-video-preview:-1"},"canonical":"https:\/\/www.meine-awi.de\/awi-aktuell\/pressen\/das-augsburger-turamichele-fest-kinderfest-mit-tradition\/","og_locale":"de_DE","og_type":"article","og_title":"Das Augsburger Turamichele-Fest - Kinderfest mit tradition","og_description":"Rund um den Michaelitag am 29. September zeigt sich Augsburgs Turamichele \u2013 mit seinem traditionellen Kampf gegen das B\u00f6se. Der Sieg des Guten wird mit einem gro\u00dfen Fest in der Innenstadt und fliegenden Friedensgr\u00fc\u00dfen gefeiert.  Jeweils zur vollen Stunde erscheint im Fenster des Perlachturms die Figur des Erzengels Michael. Zum Rhythmus der Glockenschl\u00e4ge bezwingt das Turamichele den Teufelsdrachen. Mit Unterst\u00fctzung der Zuschauer: Die Kinder auf dem Rathausplatz z\u00e4hlen lauthals die Stiche mit. Anschlie\u00dfend singen sie das Turamichele-Lied und lassen Luftballons mit Friedensbotschaften in den Himmel steigen.","og_url":"https:\/\/www.meine-awi.de\/awi-aktuell\/pressen\/das-augsburger-turamichele-fest-kinderfest-mit-tradition\/","og_site_name":"Aktuelle Steuerthemen Steuerberater &amp; Wirtschaftspr\u00fcfer Augsburg","article_modified_time":"2021-05-27T07:52:20+00:00","og_image":[{"width":525,"height":700,"url":"https:\/\/www.meine-awi.de\/awi-aktuell\/wp-content\/uploads\/sites\/6\/2020\/09\/Turamichele-Kinderfest-2019.jpg","type":"image\/jpeg"}],"twitter_card":"summary_large_image","schema":{"@context":"https:\/\/schema.org","@graph":[{"@type":"NewsArticle","@id":"https:\/\/www.meine-awi.de\/awi-aktuell\/pressen\/das-augsburger-turamichele-fest-kinderfest-mit-tradition\/#article","isPartOf":{"@id":"https:\/\/www.meine-awi.de\/awi-aktuell\/pressen\/das-augsburger-turamichele-fest-kinderfest-mit-tradition\/"},"author":{"name":"Francesco Greco","@id":"https:\/\/www.meine-awi.de\/awi-aktuell\/#\/schema\/person\/064d3056a748d391037cc560c58c4018"},"headline":"Das Augsburger Turamichele-Fest &#8211; Kinderfest mit tradition","datePublished":"2019-09-29T08:12:28+00:00","dateModified":"2021-05-27T07:52:20+00:00","mainEntityOfPage":{"@id":"https:\/\/www.meine-awi.de\/awi-aktuell\/pressen\/das-augsburger-turamichele-fest-kinderfest-mit-tradition\/"},"wordCount":99,"publisher":{"@id":"https:\/\/www.meine-awi.de\/awi-aktuell\/#organization"},"image":{"@id":"https:\/\/www.meine-awi.de\/awi-aktuell\/pressen\/das-augsburger-turamichele-fest-kinderfest-mit-tradition\/#primaryimage"},"thumbnailUrl":"https:\/\/www.meine-awi.de\/awi-aktuell\/wp-content\/uploads\/sites\/6\/2020\/09\/Turamichele-Kinderfest-2019.jpg","articleSection":["Senza Categoria"],"inLanguage":"de"},{"@type":"WebPage","@id":"https:\/\/www.meine-awi.de\/awi-aktuell\/pressen\/das-augsburger-turamichele-fest-kinderfest-mit-tradition\/","url":"https:\/\/www.meine-awi.de\/awi-aktuell\/pressen\/das-augsburger-turamichele-fest-kinderfest-mit-tradition\/","name":"Das Augsburger Turamichele-Fest - Kinderfest mit tradition | Aktuelle Steuerthemen Steuerberater &amp; Wirtschaftspr\u00fcfer Augsburg","isPartOf":{"@id":"https:\/\/www.meine-awi.de\/awi-aktuell\/#website"},"primaryImageOfPage":{"@id":"https:\/\/www.meine-awi.de\/awi-aktuell\/pressen\/das-augsburger-turamichele-fest-kinderfest-mit-tradition\/#primaryimage"},"image":{"@id":"https:\/\/www.meine-awi.de\/awi-aktuell\/pressen\/das-augsburger-turamichele-fest-kinderfest-mit-tradition\/#primaryimage"},"thumbnailUrl":"https:\/\/www.meine-awi.de\/awi-aktuell\/wp-content\/uploads\/sites\/6\/2020\/09\/Turamichele-Kinderfest-2019.jpg","datePublished":"2019-09-29T08:12:28+00:00","dateModified":"2021-05-27T07:52:20+00:00","description":"Rund um den Michaelitag am 29. September zeigt sich Augsburgs Turamichele \u2013 mit seinem traditionellen Kampf gegen das B\u00f6se. Der Sieg des Guten wird mit einem gro\u00dfen Fest in der Innenstadt und fliegenden Friedensgr\u00fc\u00dfen gefeiert.","breadcrumb":{"@id":"https:\/\/www.meine-awi.de\/awi-aktuell\/pressen\/das-augsburger-turamichele-fest-kinderfest-mit-tradition\/#breadcrumb"},"inLanguage":"de","potentialAction":[{"@type":"ReadAction","target":["https:\/\/www.meine-awi.de\/awi-aktuell\/pressen\/das-augsburger-turamichele-fest-kinderfest-mit-tradition\/"]}]},{"@type":"ImageObject","inLanguage":"de","@id":"https:\/\/www.meine-awi.de\/awi-aktuell\/pressen\/das-augsburger-turamichele-fest-kinderfest-mit-tradition\/#primaryimage","url":"https:\/\/www.meine-awi.de\/awi-aktuell\/wp-content\/uploads\/sites\/6\/2020\/09\/Turamichele-Kinderfest-2019.jpg","contentUrl":"https:\/\/www.meine-awi.de\/awi-aktuell\/wp-content\/uploads\/sites\/6\/2020\/09\/Turamichele-Kinderfest-2019.jpg","width":525,"height":700},{"@type":"BreadcrumbList","@id":"https:\/\/www.meine-awi.de\/awi-aktuell\/pressen\/das-augsburger-turamichele-fest-kinderfest-mit-tradition\/#breadcrumb","itemListElement":[{"@type":"ListItem","position":1,"name":"Home","item":"https:\/\/www.meine-awi.de\/awi-aktuell\/"},{"@type":"ListItem","position":2,"name":"Press","item":"https:\/\/www.meine-awi.de\/awi-aktuell\/pressen\/"},{"@type":"ListItem","position":3,"name":"AWI Welt","item":"https:\/\/www.meine-awi.de\/awi-aktuell\/nachricht-fur\/awi-welt\/"},{"@type":"ListItem","position":4,"name":"Das Augsburger Turamichele-Fest &#8211; Kinderfest mit tradition"}]},{"@type":"WebSite","@id":"https:\/\/www.meine-awi.de\/awi-aktuell\/#website","url":"https:\/\/www.meine-awi.de\/awi-aktuell\/","name":"Aktuelle Steuerthemen Steuerberater &amp; Wirtschaftspr\u00fcfer Augsburg","description":"awi Wirtschaftskanzlei Augsburg","publisher":{"@id":"https:\/\/www.meine-awi.de\/awi-aktuell\/#organization"},"potentialAction":[{"@type":"SearchAction","target":{"@type":"EntryPoint","urlTemplate":"https:\/\/www.meine-awi.de\/awi-aktuell\/?s={search_term_string}"},"query-input":{"@type":"PropertyValueSpecification","valueRequired":true,"valueName":"search_term_string"}}],"inLanguage":"de"},{"@type":"Organization","@id":"https:\/\/www.meine-awi.de\/awi-aktuell\/#organization","name":"AWI TREUHAND","url":"https:\/\/www.meine-awi.de\/awi-aktuell\/","logo":{"@type":"ImageObject","inLanguage":"de","@id":"https:\/\/www.meine-awi.de\/awi-aktuell\/#\/schema\/logo\/image\/","url":"https:\/\/www.meine-awi.de\/awi-aktuell\/wp-content\/uploads\/sites\/6\/2020\/12\/AWI-LOGO-grande-senza-awi.png","contentUrl":"https:\/\/www.meine-awi.de\/awi-aktuell\/wp-content\/uploads\/sites\/6\/2020\/12\/AWI-LOGO-grande-senza-awi.png","width":497,"height":558,"caption":"AWI TREUHAND"},"image":{"@id":"https:\/\/www.meine-awi.de\/awi-aktuell\/#\/schema\/logo\/image\/"}},{"@type":"Person","@id":"https:\/\/www.meine-awi.de\/awi-aktuell\/#\/schema\/person\/064d3056a748d391037cc560c58c4018","name":"Francesco Greco","image":{"@type":"ImageObject","inLanguage":"de","@id":"https:\/\/secure.gravatar.com\/avatar\/7fda85abd54f7f60b4b0d3ef18ad4f91937432ed15cc10830743704ca8d1bf3f?s=96&d=mm&r=g","url":"https:\/\/secure.gravatar.com\/avatar\/7fda85abd54f7f60b4b0d3ef18ad4f91937432ed15cc10830743704ca8d1bf3f?s=96&d=mm&r=g","contentUrl":"https:\/\/secure.gravatar.com\/avatar\/7fda85abd54f7f60b4b0d3ef18ad4f91937432ed15cc10830743704ca8d1bf3f?s=96&d=mm&r=g","caption":"Francesco Greco"},"url":"https:\/\/www.meine-awi.de\/awi-aktuell\/author\/greco\/"}]}},"_links":{"self":[{"href":"https:\/\/www.meine-awi.de\/awi-aktuell\/wp-json\/wp\/v2\/pressen\/3967","targetHints":{"allow":["GET"]}}],"collection":[{"href":"https:\/\/www.meine-awi.de\/awi-aktuell\/wp-json\/wp\/v2\/pressen"}],"about":[{"href":"https:\/\/www.meine-awi.de\/awi-aktuell\/wp-json\/wp\/v2\/types\/pressen"}],"author":[{"embeddable":true,"href":"https:\/\/www.meine-awi.de\/awi-aktuell\/wp-json\/wp\/v2\/users\/4"}],"version-history":[{"count":0,"href":"https:\/\/www.meine-awi.de\/awi-aktuell\/wp-json\/wp\/v2\/pressen\/3967\/revisions"}],"wp:featuredmedia":[{"embeddable":true,"href":"https:\/\/www.meine-awi.de\/awi-aktuell\/wp-json\/wp\/v2\/media\/5488"}],"wp:attachment":[{"href":"https:\/\/www.meine-awi.de\/awi-aktuell\/wp-json\/wp\/v2\/media?parent=3967"}],"wp:term":[{"taxonomy":"nachricht-fur","embeddable":true,"href":"https:\/\/www.meine-awi.de\/awi-aktuell\/wp-json\/wp\/v2\/nachricht-fur?post=3967"},{"taxonomy":"wo-soll-es-gezeigt-werden","embeddable":true,"href":"https:\/\/www.meine-awi.de\/awi-aktuell\/wp-json\/wp\/v2\/wo-soll-es-gezeigt-werden?post=3967"}],"curies":[{"name":"wp","href":"https:\/\/api.w.org\/{rel}","templated":true}]}}