{"id":18512,"date":"2025-04-11T00:00:00","date_gmt":"2025-04-11T00:00:00","guid":{"rendered":"https:\/\/www.meine-awi.de\/awi-aktuell\/?post_type=pressen&#038;p=18512"},"modified":"2026-04-23T10:47:53","modified_gmt":"2026-04-23T08:47:53","slug":"regionale-kultur-foerdern-unterstuetzung-fuer-den-mozartchor-augsburg-e-v","status":"publish","type":"pressen","link":"https:\/\/www.meine-awi.de\/awi-aktuell\/pressen\/regionale-kultur-foerdern-unterstuetzung-fuer-den-mozartchor-augsburg-e-v\/","title":{"rendered":"Regionale Kultur f\u00f6rdern: Unterst\u00fctzung f\u00fcr den Mozartchor Augsburg e.V."},"content":{"rendered":"<p><span style=\"font-family: arial, helvetica, sans-serif\">Die F\u00f6rderung regionaler Initiativen und Projekte ist ein wichtiger Bestandteil nachhaltigen Engagements der awi in Augsburg. Dazu z\u00e4hlt insbesondere die Unterst\u00fctzung kultureller Angebote, die Menschen verbinden und Impulse f\u00fcr die Gesellschaft setzen. Unsere Kanzlei ist stolz den Mozartchor Augsburg e.V., der seit Jahren f\u00fcr anspruchsvolle und zugleich publikumsnahe Konzertformate bekannt ist, zu unterst\u00fctzen und unseren Beitrag zur kulturellen Vielfalt zu leisten. Unter der Leitung von Daniel B\u00f6hm gelingt es dem Chor, klassische Werke mit modernen Elementen zu verbinden und damit ein breites Publikum anzusprechen.<\/span><\/p>\n<p><span style=\"font-family: arial, helvetica, sans-serif\">Die vergangenen Konzertprojekte \u2013 darunter \u201eMYTHOS BEETHOVEN\u201c, \u201eBER\u00dcHREND\u201c, \u201eSEHNSUCHT\u201c sowie zuletzt die Friedensmesse \u201eA MASS for PEACE\u201c von Karl Jenkins \u2013 fanden nicht nur in Augsburg, sondern im gesamten schw\u00e4bischen Raum gro\u00dfe Resonanz.<\/span><\/p>\n<p><span style=\"font-family: arial, helvetica, sans-serif\">Auch das j\u00fcngste Konzert konnte an diesen Erfolg ankn\u00fcpfen. Die positive Entwicklung solcher kulturellen Projekte zeigt, wie wichtig regionale Unterst\u00fctzung ist.<\/span><\/p>\n<p><span style=\"font-family: arial, helvetica, sans-serif\">Mit dem neuen Programm \u201eLEBENSWEGE\u201c setzt der Chor seine k\u00fcnstlerische Arbeit fort. Die Auff\u00fchrungen fanden am 29. M\u00e4rz 2025 in Neus\u00e4\u00df (Kirche St. Thomas Morus) sowie am 6. April 2025 in Augsburg (Ev. St. Ulrich) statt. Inhaltlich widmet sich das Konzert den unterschiedlichen Stationen menschlichen Lebens \u2013 gepr\u00e4gt von Aufbruch, Sehnsucht, Hoffnung und der Suche nach Frieden. Werke unter anderem von Felix Mendelssohn Bartholdy, Billy Joel und Hannes Wader schaffen dabei eine musikalische Br\u00fccke zwischen verschiedenen Kulturen und Epochen.<\/span><\/p>\n<p><span style=\"font-family: arial, helvetica, sans-serif\">Die Unterst\u00fctzung regionaler Kulturprojekte ist ein Ausdruck unserer Verbundenheit mit der Region und ihren Menschen. Sie tr\u00e4gt dazu bei, kulturelle Vielfalt zu erhalten und neue Perspektiven zu er\u00f6ffnen.<\/span><\/p>\n","protected":false},"excerpt":{"rendered":"<p>Die F\u00f6rderung regionaler Initiativen und Projekte ist ein wichtiger Bestandteil nachhaltigen Engagements der awi in Augsburg. Dazu z\u00e4hlt insbesondere die Unterst\u00fctzung kultureller Angebote, die Menschen verbinden und Impulse f\u00fcr die Gesellschaft setzen. Unsere Kanzlei ist stolz den Mozartchor Augsburg e.V., der seit Jahren f\u00fcr anspruchsvolle und zugleich publikumsnahe Konzertformate bekannt ist, zu unterst\u00fctzen und unseren [&hellip;]<\/p>\n","protected":false},"author":12,"featured_media":18513,"template":"","nachricht-fur":[124],"wo-soll-es-gezeigt-werden":[],"class_list":["post-18512","pressen","type-pressen","status-publish","has-post-thumbnail","hentry","nachricht-fur-awi-welt"],"yoast_head":"<!-- This site is optimized with the Yoast SEO Premium plugin v27.2 (Yoast SEO v27.5) - https:\/\/yoast.com\/product\/yoast-seo-premium-wordpress\/ -->\n<title>Regionale Kultur f\u00f6rdern: Unterst\u00fctzung f\u00fcr den Mozartchor Augsburg e.V. | Aktuelle Steuerthemen Steuerberater &amp; Wirtschaftspr\u00fcfer Augsburg<\/title>\n<meta name=\"robots\" content=\"index, follow, max-snippet:-1, max-image-preview:large, max-video-preview:-1\" \/>\n<link rel=\"canonical\" href=\"https:\/\/www.meine-awi.de\/awi-aktuell\/pressen\/regionale-kultur-foerdern-unterstuetzung-fuer-den-mozartchor-augsburg-e-v\/\" \/>\n<meta property=\"og:locale\" content=\"de_DE\" \/>\n<meta property=\"og:type\" content=\"article\" \/>\n<meta property=\"og:title\" content=\"Regionale Kultur f\u00f6rdern: Unterst\u00fctzung f\u00fcr den Mozartchor Augsburg e.V.\" \/>\n<meta property=\"og:description\" content=\"Die F\u00f6rderung regionaler Initiativen und Projekte ist ein wichtiger Bestandteil nachhaltigen Engagements der awi in Augsburg. Dazu z\u00e4hlt insbesondere die\" \/>\n<meta property=\"og:url\" content=\"https:\/\/www.meine-awi.de\/awi-aktuell\/pressen\/regionale-kultur-foerdern-unterstuetzung-fuer-den-mozartchor-augsburg-e-v\/\" \/>\n<meta property=\"og:site_name\" content=\"Aktuelle Steuerthemen Steuerberater &amp; Wirtschaftspr\u00fcfer Augsburg\" \/>\n<meta property=\"article:modified_time\" content=\"2026-04-23T08:47:53+00:00\" \/>\n<meta property=\"og:image\" content=\"https:\/\/www.meine-awi.de\/awi-aktuell\/wp-content\/uploads\/sites\/6\/2026\/04\/202503_Mozartchor_Xing_LinkedIn-2048-\u00d7-2048-px.png\" \/>\n\t<meta property=\"og:image:width\" content=\"512\" \/>\n\t<meta property=\"og:image:height\" content=\"512\" \/>\n\t<meta property=\"og:image:type\" content=\"image\/png\" \/>\n<meta name=\"twitter:card\" content=\"summary_large_image\" \/>\n<meta name=\"twitter:label1\" content=\"Gesch\u00e4tzte Lesezeit\" \/>\n\t<meta name=\"twitter:data1\" content=\"1\u00a0Minute\" \/>\n<script type=\"application\/ld+json\" class=\"yoast-schema-graph\">{\"@context\":\"https:\\\/\\\/schema.org\",\"@graph\":[{\"@type\":\"NewsArticle\",\"@id\":\"https:\\\/\\\/www.meine-awi.de\\\/awi-aktuell\\\/pressen\\\/regionale-kultur-foerdern-unterstuetzung-fuer-den-mozartchor-augsburg-e-v\\\/#article\",\"isPartOf\":{\"@id\":\"https:\\\/\\\/www.meine-awi.de\\\/awi-aktuell\\\/pressen\\\/regionale-kultur-foerdern-unterstuetzung-fuer-den-mozartchor-augsburg-e-v\\\/\"},\"author\":{\"name\":\"erzen\",\"@id\":\"https:\\\/\\\/www.meine-awi.de\\\/awi-aktuell\\\/#\\\/schema\\\/person\\\/ac7dc7e55319f3e6a690765517c118c3\"},\"headline\":\"Regionale Kultur f\u00f6rdern: Unterst\u00fctzung f\u00fcr den Mozartchor Augsburg e.V.\",\"datePublished\":\"2025-04-11T00:00:00+00:00\",\"dateModified\":\"2026-04-23T08:47:53+00:00\",\"mainEntityOfPage\":{\"@id\":\"https:\\\/\\\/www.meine-awi.de\\\/awi-aktuell\\\/pressen\\\/regionale-kultur-foerdern-unterstuetzung-fuer-den-mozartchor-augsburg-e-v\\\/\"},\"wordCount\":273,\"publisher\":{\"@id\":\"https:\\\/\\\/www.meine-awi.de\\\/awi-aktuell\\\/#organization\"},\"image\":{\"@id\":\"https:\\\/\\\/www.meine-awi.de\\\/awi-aktuell\\\/pressen\\\/regionale-kultur-foerdern-unterstuetzung-fuer-den-mozartchor-augsburg-e-v\\\/#primaryimage\"},\"thumbnailUrl\":\"https:\\\/\\\/www.meine-awi.de\\\/awi-aktuell\\\/wp-content\\\/uploads\\\/sites\\\/6\\\/2026\\\/04\\\/202503_Mozartchor_Xing_LinkedIn-2048-\u00d7-2048-px.png\",\"inLanguage\":\"de\"},{\"@type\":\"WebPage\",\"@id\":\"https:\\\/\\\/www.meine-awi.de\\\/awi-aktuell\\\/pressen\\\/regionale-kultur-foerdern-unterstuetzung-fuer-den-mozartchor-augsburg-e-v\\\/\",\"url\":\"https:\\\/\\\/www.meine-awi.de\\\/awi-aktuell\\\/pressen\\\/regionale-kultur-foerdern-unterstuetzung-fuer-den-mozartchor-augsburg-e-v\\\/\",\"name\":\"Regionale Kultur f\u00f6rdern: Unterst\u00fctzung f\u00fcr den Mozartchor Augsburg e.V. | Aktuelle Steuerthemen Steuerberater &amp; Wirtschaftspr\u00fcfer Augsburg\",\"isPartOf\":{\"@id\":\"https:\\\/\\\/www.meine-awi.de\\\/awi-aktuell\\\/#website\"},\"primaryImageOfPage\":{\"@id\":\"https:\\\/\\\/www.meine-awi.de\\\/awi-aktuell\\\/pressen\\\/regionale-kultur-foerdern-unterstuetzung-fuer-den-mozartchor-augsburg-e-v\\\/#primaryimage\"},\"image\":{\"@id\":\"https:\\\/\\\/www.meine-awi.de\\\/awi-aktuell\\\/pressen\\\/regionale-kultur-foerdern-unterstuetzung-fuer-den-mozartchor-augsburg-e-v\\\/#primaryimage\"},\"thumbnailUrl\":\"https:\\\/\\\/www.meine-awi.de\\\/awi-aktuell\\\/wp-content\\\/uploads\\\/sites\\\/6\\\/2026\\\/04\\\/202503_Mozartchor_Xing_LinkedIn-2048-\u00d7-2048-px.png\",\"datePublished\":\"2025-04-11T00:00:00+00:00\",\"dateModified\":\"2026-04-23T08:47:53+00:00\",\"breadcrumb\":{\"@id\":\"https:\\\/\\\/www.meine-awi.de\\\/awi-aktuell\\\/pressen\\\/regionale-kultur-foerdern-unterstuetzung-fuer-den-mozartchor-augsburg-e-v\\\/#breadcrumb\"},\"inLanguage\":\"de\",\"potentialAction\":[{\"@type\":\"ReadAction\",\"target\":[\"https:\\\/\\\/www.meine-awi.de\\\/awi-aktuell\\\/pressen\\\/regionale-kultur-foerdern-unterstuetzung-fuer-den-mozartchor-augsburg-e-v\\\/\"]}]},{\"@type\":\"ImageObject\",\"inLanguage\":\"de\",\"@id\":\"https:\\\/\\\/www.meine-awi.de\\\/awi-aktuell\\\/pressen\\\/regionale-kultur-foerdern-unterstuetzung-fuer-den-mozartchor-augsburg-e-v\\\/#primaryimage\",\"url\":\"https:\\\/\\\/www.meine-awi.de\\\/awi-aktuell\\\/wp-content\\\/uploads\\\/sites\\\/6\\\/2026\\\/04\\\/202503_Mozartchor_Xing_LinkedIn-2048-\u00d7-2048-px.png\",\"contentUrl\":\"https:\\\/\\\/www.meine-awi.de\\\/awi-aktuell\\\/wp-content\\\/uploads\\\/sites\\\/6\\\/2026\\\/04\\\/202503_Mozartchor_Xing_LinkedIn-2048-\u00d7-2048-px.png\",\"width\":512,\"height\":512},{\"@type\":\"BreadcrumbList\",\"@id\":\"https:\\\/\\\/www.meine-awi.de\\\/awi-aktuell\\\/pressen\\\/regionale-kultur-foerdern-unterstuetzung-fuer-den-mozartchor-augsburg-e-v\\\/#breadcrumb\",\"itemListElement\":[{\"@type\":\"ListItem\",\"position\":1,\"name\":\"Home\",\"item\":\"https:\\\/\\\/www.meine-awi.de\\\/awi-aktuell\\\/\"},{\"@type\":\"ListItem\",\"position\":2,\"name\":\"Press\",\"item\":\"https:\\\/\\\/www.meine-awi.de\\\/awi-aktuell\\\/pressen\\\/\"},{\"@type\":\"ListItem\",\"position\":3,\"name\":\"AWI Welt\",\"item\":\"https:\\\/\\\/www.meine-awi.de\\\/awi-aktuell\\\/nachricht-fur\\\/awi-welt\\\/\"},{\"@type\":\"ListItem\",\"position\":4,\"name\":\"Regionale Kultur f\u00f6rdern: Unterst\u00fctzung f\u00fcr den Mozartchor Augsburg e.V.\"}]},{\"@type\":\"WebSite\",\"@id\":\"https:\\\/\\\/www.meine-awi.de\\\/awi-aktuell\\\/#website\",\"url\":\"https:\\\/\\\/www.meine-awi.de\\\/awi-aktuell\\\/\",\"name\":\"Aktuelle Steuerthemen Steuerberater &amp; Wirtschaftspr\u00fcfer Augsburg\",\"description\":\"awi Wirtschaftskanzlei Augsburg\",\"publisher\":{\"@id\":\"https:\\\/\\\/www.meine-awi.de\\\/awi-aktuell\\\/#organization\"},\"potentialAction\":[{\"@type\":\"SearchAction\",\"target\":{\"@type\":\"EntryPoint\",\"urlTemplate\":\"https:\\\/\\\/www.meine-awi.de\\\/awi-aktuell\\\/?s={search_term_string}\"},\"query-input\":{\"@type\":\"PropertyValueSpecification\",\"valueRequired\":true,\"valueName\":\"search_term_string\"}}],\"inLanguage\":\"de\"},{\"@type\":\"Organization\",\"@id\":\"https:\\\/\\\/www.meine-awi.de\\\/awi-aktuell\\\/#organization\",\"name\":\"AWI TREUHAND\",\"url\":\"https:\\\/\\\/www.meine-awi.de\\\/awi-aktuell\\\/\",\"logo\":{\"@type\":\"ImageObject\",\"inLanguage\":\"de\",\"@id\":\"https:\\\/\\\/www.meine-awi.de\\\/awi-aktuell\\\/#\\\/schema\\\/logo\\\/image\\\/\",\"url\":\"https:\\\/\\\/www.meine-awi.de\\\/awi-aktuell\\\/wp-content\\\/uploads\\\/sites\\\/6\\\/2020\\\/12\\\/AWI-LOGO-grande-senza-awi.png\",\"contentUrl\":\"https:\\\/\\\/www.meine-awi.de\\\/awi-aktuell\\\/wp-content\\\/uploads\\\/sites\\\/6\\\/2020\\\/12\\\/AWI-LOGO-grande-senza-awi.png\",\"width\":497,\"height\":558,\"caption\":\"AWI TREUHAND\"},\"image\":{\"@id\":\"https:\\\/\\\/www.meine-awi.de\\\/awi-aktuell\\\/#\\\/schema\\\/logo\\\/image\\\/\"}},{\"@type\":\"Person\",\"@id\":\"https:\\\/\\\/www.meine-awi.de\\\/awi-aktuell\\\/#\\\/schema\\\/person\\\/ac7dc7e55319f3e6a690765517c118c3\",\"name\":\"erzen\",\"image\":{\"@type\":\"ImageObject\",\"inLanguage\":\"de\",\"@id\":\"https:\\\/\\\/secure.gravatar.com\\\/avatar\\\/d8905298237945e0603e05970ec5cb3f56e7e342c580939b1440d04a579c3292?s=96&d=mm&r=g\",\"url\":\"https:\\\/\\\/secure.gravatar.com\\\/avatar\\\/d8905298237945e0603e05970ec5cb3f56e7e342c580939b1440d04a579c3292?s=96&d=mm&r=g\",\"contentUrl\":\"https:\\\/\\\/secure.gravatar.com\\\/avatar\\\/d8905298237945e0603e05970ec5cb3f56e7e342c580939b1440d04a579c3292?s=96&d=mm&r=g\",\"caption\":\"erzen\"},\"url\":\"https:\\\/\\\/www.meine-awi.de\\\/awi-aktuell\\\/author\\\/erzen\\\/\"}]}<\/script>\n<!-- \/ Yoast SEO Premium plugin. -->","yoast_head_json":{"title":"Regionale Kultur f\u00f6rdern: Unterst\u00fctzung f\u00fcr den Mozartchor Augsburg e.V. | Aktuelle Steuerthemen Steuerberater &amp; Wirtschaftspr\u00fcfer Augsburg","robots":{"index":"index","follow":"follow","max-snippet":"max-snippet:-1","max-image-preview":"max-image-preview:large","max-video-preview":"max-video-preview:-1"},"canonical":"https:\/\/www.meine-awi.de\/awi-aktuell\/pressen\/regionale-kultur-foerdern-unterstuetzung-fuer-den-mozartchor-augsburg-e-v\/","og_locale":"de_DE","og_type":"article","og_title":"Regionale Kultur f\u00f6rdern: Unterst\u00fctzung f\u00fcr den Mozartchor Augsburg e.V.","og_description":"Die F\u00f6rderung regionaler Initiativen und Projekte ist ein wichtiger Bestandteil nachhaltigen Engagements der awi in Augsburg. Dazu z\u00e4hlt insbesondere die","og_url":"https:\/\/www.meine-awi.de\/awi-aktuell\/pressen\/regionale-kultur-foerdern-unterstuetzung-fuer-den-mozartchor-augsburg-e-v\/","og_site_name":"Aktuelle Steuerthemen Steuerberater &amp; Wirtschaftspr\u00fcfer Augsburg","article_modified_time":"2026-04-23T08:47:53+00:00","og_image":[{"width":512,"height":512,"url":"https:\/\/www.meine-awi.de\/awi-aktuell\/wp-content\/uploads\/sites\/6\/2026\/04\/202503_Mozartchor_Xing_LinkedIn-2048-\u00d7-2048-px.png","type":"image\/png"}],"twitter_card":"summary_large_image","twitter_misc":{"Gesch\u00e4tzte Lesezeit":"1\u00a0Minute"},"schema":{"@context":"https:\/\/schema.org","@graph":[{"@type":"NewsArticle","@id":"https:\/\/www.meine-awi.de\/awi-aktuell\/pressen\/regionale-kultur-foerdern-unterstuetzung-fuer-den-mozartchor-augsburg-e-v\/#article","isPartOf":{"@id":"https:\/\/www.meine-awi.de\/awi-aktuell\/pressen\/regionale-kultur-foerdern-unterstuetzung-fuer-den-mozartchor-augsburg-e-v\/"},"author":{"name":"erzen","@id":"https:\/\/www.meine-awi.de\/awi-aktuell\/#\/schema\/person\/ac7dc7e55319f3e6a690765517c118c3"},"headline":"Regionale Kultur f\u00f6rdern: Unterst\u00fctzung f\u00fcr den Mozartchor Augsburg e.V.","datePublished":"2025-04-11T00:00:00+00:00","dateModified":"2026-04-23T08:47:53+00:00","mainEntityOfPage":{"@id":"https:\/\/www.meine-awi.de\/awi-aktuell\/pressen\/regionale-kultur-foerdern-unterstuetzung-fuer-den-mozartchor-augsburg-e-v\/"},"wordCount":273,"publisher":{"@id":"https:\/\/www.meine-awi.de\/awi-aktuell\/#organization"},"image":{"@id":"https:\/\/www.meine-awi.de\/awi-aktuell\/pressen\/regionale-kultur-foerdern-unterstuetzung-fuer-den-mozartchor-augsburg-e-v\/#primaryimage"},"thumbnailUrl":"https:\/\/www.meine-awi.de\/awi-aktuell\/wp-content\/uploads\/sites\/6\/2026\/04\/202503_Mozartchor_Xing_LinkedIn-2048-\u00d7-2048-px.png","inLanguage":"de"},{"@type":"WebPage","@id":"https:\/\/www.meine-awi.de\/awi-aktuell\/pressen\/regionale-kultur-foerdern-unterstuetzung-fuer-den-mozartchor-augsburg-e-v\/","url":"https:\/\/www.meine-awi.de\/awi-aktuell\/pressen\/regionale-kultur-foerdern-unterstuetzung-fuer-den-mozartchor-augsburg-e-v\/","name":"Regionale Kultur f\u00f6rdern: Unterst\u00fctzung f\u00fcr den Mozartchor Augsburg e.V. | Aktuelle Steuerthemen Steuerberater &amp; Wirtschaftspr\u00fcfer Augsburg","isPartOf":{"@id":"https:\/\/www.meine-awi.de\/awi-aktuell\/#website"},"primaryImageOfPage":{"@id":"https:\/\/www.meine-awi.de\/awi-aktuell\/pressen\/regionale-kultur-foerdern-unterstuetzung-fuer-den-mozartchor-augsburg-e-v\/#primaryimage"},"image":{"@id":"https:\/\/www.meine-awi.de\/awi-aktuell\/pressen\/regionale-kultur-foerdern-unterstuetzung-fuer-den-mozartchor-augsburg-e-v\/#primaryimage"},"thumbnailUrl":"https:\/\/www.meine-awi.de\/awi-aktuell\/wp-content\/uploads\/sites\/6\/2026\/04\/202503_Mozartchor_Xing_LinkedIn-2048-\u00d7-2048-px.png","datePublished":"2025-04-11T00:00:00+00:00","dateModified":"2026-04-23T08:47:53+00:00","breadcrumb":{"@id":"https:\/\/www.meine-awi.de\/awi-aktuell\/pressen\/regionale-kultur-foerdern-unterstuetzung-fuer-den-mozartchor-augsburg-e-v\/#breadcrumb"},"inLanguage":"de","potentialAction":[{"@type":"ReadAction","target":["https:\/\/www.meine-awi.de\/awi-aktuell\/pressen\/regionale-kultur-foerdern-unterstuetzung-fuer-den-mozartchor-augsburg-e-v\/"]}]},{"@type":"ImageObject","inLanguage":"de","@id":"https:\/\/www.meine-awi.de\/awi-aktuell\/pressen\/regionale-kultur-foerdern-unterstuetzung-fuer-den-mozartchor-augsburg-e-v\/#primaryimage","url":"https:\/\/www.meine-awi.de\/awi-aktuell\/wp-content\/uploads\/sites\/6\/2026\/04\/202503_Mozartchor_Xing_LinkedIn-2048-\u00d7-2048-px.png","contentUrl":"https:\/\/www.meine-awi.de\/awi-aktuell\/wp-content\/uploads\/sites\/6\/2026\/04\/202503_Mozartchor_Xing_LinkedIn-2048-\u00d7-2048-px.png","width":512,"height":512},{"@type":"BreadcrumbList","@id":"https:\/\/www.meine-awi.de\/awi-aktuell\/pressen\/regionale-kultur-foerdern-unterstuetzung-fuer-den-mozartchor-augsburg-e-v\/#breadcrumb","itemListElement":[{"@type":"ListItem","position":1,"name":"Home","item":"https:\/\/www.meine-awi.de\/awi-aktuell\/"},{"@type":"ListItem","position":2,"name":"Press","item":"https:\/\/www.meine-awi.de\/awi-aktuell\/pressen\/"},{"@type":"ListItem","position":3,"name":"AWI Welt","item":"https:\/\/www.meine-awi.de\/awi-aktuell\/nachricht-fur\/awi-welt\/"},{"@type":"ListItem","position":4,"name":"Regionale Kultur f\u00f6rdern: Unterst\u00fctzung f\u00fcr den Mozartchor Augsburg e.V."}]},{"@type":"WebSite","@id":"https:\/\/www.meine-awi.de\/awi-aktuell\/#website","url":"https:\/\/www.meine-awi.de\/awi-aktuell\/","name":"Aktuelle Steuerthemen Steuerberater &amp; Wirtschaftspr\u00fcfer Augsburg","description":"awi Wirtschaftskanzlei Augsburg","publisher":{"@id":"https:\/\/www.meine-awi.de\/awi-aktuell\/#organization"},"potentialAction":[{"@type":"SearchAction","target":{"@type":"EntryPoint","urlTemplate":"https:\/\/www.meine-awi.de\/awi-aktuell\/?s={search_term_string}"},"query-input":{"@type":"PropertyValueSpecification","valueRequired":true,"valueName":"search_term_string"}}],"inLanguage":"de"},{"@type":"Organization","@id":"https:\/\/www.meine-awi.de\/awi-aktuell\/#organization","name":"AWI TREUHAND","url":"https:\/\/www.meine-awi.de\/awi-aktuell\/","logo":{"@type":"ImageObject","inLanguage":"de","@id":"https:\/\/www.meine-awi.de\/awi-aktuell\/#\/schema\/logo\/image\/","url":"https:\/\/www.meine-awi.de\/awi-aktuell\/wp-content\/uploads\/sites\/6\/2020\/12\/AWI-LOGO-grande-senza-awi.png","contentUrl":"https:\/\/www.meine-awi.de\/awi-aktuell\/wp-content\/uploads\/sites\/6\/2020\/12\/AWI-LOGO-grande-senza-awi.png","width":497,"height":558,"caption":"AWI TREUHAND"},"image":{"@id":"https:\/\/www.meine-awi.de\/awi-aktuell\/#\/schema\/logo\/image\/"}},{"@type":"Person","@id":"https:\/\/www.meine-awi.de\/awi-aktuell\/#\/schema\/person\/ac7dc7e55319f3e6a690765517c118c3","name":"erzen","image":{"@type":"ImageObject","inLanguage":"de","@id":"https:\/\/secure.gravatar.com\/avatar\/d8905298237945e0603e05970ec5cb3f56e7e342c580939b1440d04a579c3292?s=96&d=mm&r=g","url":"https:\/\/secure.gravatar.com\/avatar\/d8905298237945e0603e05970ec5cb3f56e7e342c580939b1440d04a579c3292?s=96&d=mm&r=g","contentUrl":"https:\/\/secure.gravatar.com\/avatar\/d8905298237945e0603e05970ec5cb3f56e7e342c580939b1440d04a579c3292?s=96&d=mm&r=g","caption":"erzen"},"url":"https:\/\/www.meine-awi.de\/awi-aktuell\/author\/erzen\/"}]}},"_links":{"self":[{"href":"https:\/\/www.meine-awi.de\/awi-aktuell\/wp-json\/wp\/v2\/pressen\/18512","targetHints":{"allow":["GET"]}}],"collection":[{"href":"https:\/\/www.meine-awi.de\/awi-aktuell\/wp-json\/wp\/v2\/pressen"}],"about":[{"href":"https:\/\/www.meine-awi.de\/awi-aktuell\/wp-json\/wp\/v2\/types\/pressen"}],"author":[{"embeddable":true,"href":"https:\/\/www.meine-awi.de\/awi-aktuell\/wp-json\/wp\/v2\/users\/12"}],"version-history":[{"count":0,"href":"https:\/\/www.meine-awi.de\/awi-aktuell\/wp-json\/wp\/v2\/pressen\/18512\/revisions"}],"wp:featuredmedia":[{"embeddable":true,"href":"https:\/\/www.meine-awi.de\/awi-aktuell\/wp-json\/wp\/v2\/media\/18513"}],"wp:attachment":[{"href":"https:\/\/www.meine-awi.de\/awi-aktuell\/wp-json\/wp\/v2\/media?parent=18512"}],"wp:term":[{"taxonomy":"nachricht-fur","embeddable":true,"href":"https:\/\/www.meine-awi.de\/awi-aktuell\/wp-json\/wp\/v2\/nachricht-fur?post=18512"},{"taxonomy":"wo-soll-es-gezeigt-werden","embeddable":true,"href":"https:\/\/www.meine-awi.de\/awi-aktuell\/wp-json\/wp\/v2\/wo-soll-es-gezeigt-werden?post=18512"}],"curies":[{"name":"wp","href":"https:\/\/api.w.org\/{rel}","templated":true}]}}