{"id":18157,"date":"2025-08-06T00:00:00","date_gmt":"2025-08-06T00:00:00","guid":{"rendered":"https:\/\/www.meine-awi.de\/awi-aktuell\/?post_type=pressen&#038;p=18157"},"modified":"2025-09-03T08:12:56","modified_gmt":"2025-09-03T06:12:56","slug":"awi-sportfreunde-erfolgreich-beim-stadtradeln-2025","status":"publish","type":"pressen","link":"https:\/\/www.meine-awi.de\/awi-aktuell\/pressen\/awi-sportfreunde-erfolgreich-beim-stadtradeln-2025\/","title":{"rendered":"awi Sportfreunde erfolgreich beim Stadtradeln 2025"},"content":{"rendered":"<p><span style=\"font-family: arial, helvetica, sans-serif\">In der Zeit vom 05. Juli \u2013 25. Juli 2025 konnten wieder flei\u00dfig Kilometer auf dem Fahrrad gesammelt werden.<\/span><\/p>\n<p><span style=\"font-family: arial, helvetica, sans-serif\">Zum 16. Mal fand die internationale Kampagne \u201eSTADTRADELN\u201c des Klima-B\u00fcndnisses in Augsburg statt. Drei Wochen lang haben 5.152 Augsburgerinnen und Augsburger jeden ihrer Radl-Kilometer gez\u00e4hlt \u2013 ob zur Arbeit, in die Schule oder in der Freizeit \u2013 und damit Platz 44 der teilnehmenden Kommunen und Kreise belegt.<\/span><\/p>\n<p><span style=\"font-family: arial, helvetica, sans-serif\">Die \u201eawi Sportfreunde\u201c sind seit Jahren begeisterte Teilnehmer und haben viele Kilometer absolviert und somit Alltagswege klimafreundlich zur\u00fcckgelegt.<\/span><\/p>\n<p><span style=\"font-family: arial, helvetica, sans-serif\">Auch in diesem Jahr waren 8 awiANER aktiv mit dabei und leisteten ihren Beitrag f\u00fcr eine gesunde Umwelt. Die Bilanz in 2025 \u2013 Platz 154, 1.708 km gemeistert, 280,1 kg CO2 eingespart bei 105 Fahrten. Darauf k\u00f6nnen die Teilnehmer mehr als stolz sein. Eine Radelnde \u00fcbertraf die Ergebnisse aller, was mit einem kleinen Pr\u00e4sent anerkannt wurde.<\/span><\/p>\n<p><span style=\"font-family: arial, helvetica, sans-serif\">Mit jedem aktiven Beitrag wird etwas in unserer Stadt bewegt und ver\u00e4ndert. Die Anzahl der Radler in Augsburg ist seit 2017 jedes Jahr gestiegen.<\/span><\/p>\n<p><span style=\"font-family: arial, helvetica, sans-serif\">Eins steht f\u00fcr unsere Kanzlei auf jeden Fall fest \u2013 n\u00e4chstes Jahr sind wir wieder am Start.<\/span><\/p>\n","protected":false},"excerpt":{"rendered":"<p>In der Zeit vom 05. Juli \u2013 25. Juli 2025 konnten wieder flei\u00dfig Kilometer auf dem Fahrrad gesammelt werden. Zum 16. Mal fand die internationale Kampagne \u201eSTADTRADELN\u201c des Klima-B\u00fcndnisses in Augsburg statt. Drei Wochen lang haben 5.152 Augsburgerinnen und Augsburger jeden ihrer Radl-Kilometer gez\u00e4hlt \u2013 ob zur Arbeit, in die Schule oder in der Freizeit [&hellip;]<\/p>\n","protected":false},"author":12,"featured_media":18158,"template":"","nachricht-fur":[124],"wo-soll-es-gezeigt-werden":[],"class_list":["post-18157","pressen","type-pressen","status-publish","has-post-thumbnail","hentry","nachricht-fur-awi-welt"],"yoast_head":"<!-- This site is optimized with the Yoast SEO Premium plugin v27.2 (Yoast SEO v27.5) - https:\/\/yoast.com\/product\/yoast-seo-premium-wordpress\/ -->\n<title>awi Sportfreunde erfolgreich beim Stadtradeln 2025 | Aktuelle Steuerthemen Steuerberater &amp; Wirtschaftspr\u00fcfer Augsburg<\/title>\n<meta name=\"robots\" content=\"index, follow, max-snippet:-1, max-image-preview:large, max-video-preview:-1\" \/>\n<link rel=\"canonical\" href=\"https:\/\/www.meine-awi.de\/awi-aktuell\/pressen\/awi-sportfreunde-erfolgreich-beim-stadtradeln-2025\/\" \/>\n<meta property=\"og:locale\" content=\"de_DE\" \/>\n<meta property=\"og:type\" content=\"article\" \/>\n<meta property=\"og:title\" content=\"awi Sportfreunde erfolgreich beim Stadtradeln 2025\" \/>\n<meta property=\"og:description\" content=\"In der Zeit vom 05. Juli \u2013 25. Juli 2025 konnten wieder flei\u00dfig Kilometer auf dem Fahrrad gesammelt werden. Zum 16. Mal fand die internationale Kampagne\" \/>\n<meta property=\"og:url\" content=\"https:\/\/www.meine-awi.de\/awi-aktuell\/pressen\/awi-sportfreunde-erfolgreich-beim-stadtradeln-2025\/\" \/>\n<meta property=\"og:site_name\" content=\"Aktuelle Steuerthemen Steuerberater &amp; Wirtschaftspr\u00fcfer Augsburg\" \/>\n<meta property=\"article:modified_time\" content=\"2025-09-03T06:12:56+00:00\" \/>\n<meta property=\"og:image\" content=\"https:\/\/www.meine-awi.de\/awi-aktuell\/wp-content\/uploads\/sites\/6\/2025\/09\/Stadtradeln-2025_Xing_LinkedIn-2048-\u00d7-2048-px.png\" \/>\n\t<meta property=\"og:image:width\" content=\"512\" \/>\n\t<meta property=\"og:image:height\" content=\"512\" \/>\n\t<meta property=\"og:image:type\" content=\"image\/png\" \/>\n<meta name=\"twitter:card\" content=\"summary_large_image\" \/>\n<meta name=\"twitter:label1\" content=\"Gesch\u00e4tzte Lesezeit\" \/>\n\t<meta name=\"twitter:data1\" content=\"1\u00a0Minute\" \/>\n<script type=\"application\/ld+json\" class=\"yoast-schema-graph\">{\"@context\":\"https:\\\/\\\/schema.org\",\"@graph\":[{\"@type\":\"NewsArticle\",\"@id\":\"https:\\\/\\\/www.meine-awi.de\\\/awi-aktuell\\\/pressen\\\/awi-sportfreunde-erfolgreich-beim-stadtradeln-2025\\\/#article\",\"isPartOf\":{\"@id\":\"https:\\\/\\\/www.meine-awi.de\\\/awi-aktuell\\\/pressen\\\/awi-sportfreunde-erfolgreich-beim-stadtradeln-2025\\\/\"},\"author\":{\"name\":\"erzen\",\"@id\":\"https:\\\/\\\/www.meine-awi.de\\\/awi-aktuell\\\/#\\\/schema\\\/person\\\/ac7dc7e55319f3e6a690765517c118c3\"},\"headline\":\"awi Sportfreunde erfolgreich beim Stadtradeln 2025\",\"datePublished\":\"2025-08-06T00:00:00+00:00\",\"dateModified\":\"2025-09-03T06:12:56+00:00\",\"mainEntityOfPage\":{\"@id\":\"https:\\\/\\\/www.meine-awi.de\\\/awi-aktuell\\\/pressen\\\/awi-sportfreunde-erfolgreich-beim-stadtradeln-2025\\\/\"},\"wordCount\":178,\"publisher\":{\"@id\":\"https:\\\/\\\/www.meine-awi.de\\\/awi-aktuell\\\/#organization\"},\"image\":{\"@id\":\"https:\\\/\\\/www.meine-awi.de\\\/awi-aktuell\\\/pressen\\\/awi-sportfreunde-erfolgreich-beim-stadtradeln-2025\\\/#primaryimage\"},\"thumbnailUrl\":\"https:\\\/\\\/www.meine-awi.de\\\/awi-aktuell\\\/wp-content\\\/uploads\\\/sites\\\/6\\\/2025\\\/09\\\/Stadtradeln-2025_Xing_LinkedIn-2048-\u00d7-2048-px.png\",\"inLanguage\":\"de\"},{\"@type\":\"WebPage\",\"@id\":\"https:\\\/\\\/www.meine-awi.de\\\/awi-aktuell\\\/pressen\\\/awi-sportfreunde-erfolgreich-beim-stadtradeln-2025\\\/\",\"url\":\"https:\\\/\\\/www.meine-awi.de\\\/awi-aktuell\\\/pressen\\\/awi-sportfreunde-erfolgreich-beim-stadtradeln-2025\\\/\",\"name\":\"awi Sportfreunde erfolgreich beim Stadtradeln 2025 | Aktuelle Steuerthemen Steuerberater &amp; Wirtschaftspr\u00fcfer Augsburg\",\"isPartOf\":{\"@id\":\"https:\\\/\\\/www.meine-awi.de\\\/awi-aktuell\\\/#website\"},\"primaryImageOfPage\":{\"@id\":\"https:\\\/\\\/www.meine-awi.de\\\/awi-aktuell\\\/pressen\\\/awi-sportfreunde-erfolgreich-beim-stadtradeln-2025\\\/#primaryimage\"},\"image\":{\"@id\":\"https:\\\/\\\/www.meine-awi.de\\\/awi-aktuell\\\/pressen\\\/awi-sportfreunde-erfolgreich-beim-stadtradeln-2025\\\/#primaryimage\"},\"thumbnailUrl\":\"https:\\\/\\\/www.meine-awi.de\\\/awi-aktuell\\\/wp-content\\\/uploads\\\/sites\\\/6\\\/2025\\\/09\\\/Stadtradeln-2025_Xing_LinkedIn-2048-\u00d7-2048-px.png\",\"datePublished\":\"2025-08-06T00:00:00+00:00\",\"dateModified\":\"2025-09-03T06:12:56+00:00\",\"breadcrumb\":{\"@id\":\"https:\\\/\\\/www.meine-awi.de\\\/awi-aktuell\\\/pressen\\\/awi-sportfreunde-erfolgreich-beim-stadtradeln-2025\\\/#breadcrumb\"},\"inLanguage\":\"de\",\"potentialAction\":[{\"@type\":\"ReadAction\",\"target\":[\"https:\\\/\\\/www.meine-awi.de\\\/awi-aktuell\\\/pressen\\\/awi-sportfreunde-erfolgreich-beim-stadtradeln-2025\\\/\"]}]},{\"@type\":\"ImageObject\",\"inLanguage\":\"de\",\"@id\":\"https:\\\/\\\/www.meine-awi.de\\\/awi-aktuell\\\/pressen\\\/awi-sportfreunde-erfolgreich-beim-stadtradeln-2025\\\/#primaryimage\",\"url\":\"https:\\\/\\\/www.meine-awi.de\\\/awi-aktuell\\\/wp-content\\\/uploads\\\/sites\\\/6\\\/2025\\\/09\\\/Stadtradeln-2025_Xing_LinkedIn-2048-\u00d7-2048-px.png\",\"contentUrl\":\"https:\\\/\\\/www.meine-awi.de\\\/awi-aktuell\\\/wp-content\\\/uploads\\\/sites\\\/6\\\/2025\\\/09\\\/Stadtradeln-2025_Xing_LinkedIn-2048-\u00d7-2048-px.png\",\"width\":512,\"height\":512},{\"@type\":\"BreadcrumbList\",\"@id\":\"https:\\\/\\\/www.meine-awi.de\\\/awi-aktuell\\\/pressen\\\/awi-sportfreunde-erfolgreich-beim-stadtradeln-2025\\\/#breadcrumb\",\"itemListElement\":[{\"@type\":\"ListItem\",\"position\":1,\"name\":\"Home\",\"item\":\"https:\\\/\\\/www.meine-awi.de\\\/awi-aktuell\\\/\"},{\"@type\":\"ListItem\",\"position\":2,\"name\":\"Press\",\"item\":\"https:\\\/\\\/www.meine-awi.de\\\/awi-aktuell\\\/pressen\\\/\"},{\"@type\":\"ListItem\",\"position\":3,\"name\":\"AWI Welt\",\"item\":\"https:\\\/\\\/www.meine-awi.de\\\/awi-aktuell\\\/nachricht-fur\\\/awi-welt\\\/\"},{\"@type\":\"ListItem\",\"position\":4,\"name\":\"awi Sportfreunde erfolgreich beim Stadtradeln 2025\"}]},{\"@type\":\"WebSite\",\"@id\":\"https:\\\/\\\/www.meine-awi.de\\\/awi-aktuell\\\/#website\",\"url\":\"https:\\\/\\\/www.meine-awi.de\\\/awi-aktuell\\\/\",\"name\":\"Aktuelle Steuerthemen Steuerberater &amp; Wirtschaftspr\u00fcfer Augsburg\",\"description\":\"awi Wirtschaftskanzlei Augsburg\",\"publisher\":{\"@id\":\"https:\\\/\\\/www.meine-awi.de\\\/awi-aktuell\\\/#organization\"},\"potentialAction\":[{\"@type\":\"SearchAction\",\"target\":{\"@type\":\"EntryPoint\",\"urlTemplate\":\"https:\\\/\\\/www.meine-awi.de\\\/awi-aktuell\\\/?s={search_term_string}\"},\"query-input\":{\"@type\":\"PropertyValueSpecification\",\"valueRequired\":true,\"valueName\":\"search_term_string\"}}],\"inLanguage\":\"de\"},{\"@type\":\"Organization\",\"@id\":\"https:\\\/\\\/www.meine-awi.de\\\/awi-aktuell\\\/#organization\",\"name\":\"AWI TREUHAND\",\"url\":\"https:\\\/\\\/www.meine-awi.de\\\/awi-aktuell\\\/\",\"logo\":{\"@type\":\"ImageObject\",\"inLanguage\":\"de\",\"@id\":\"https:\\\/\\\/www.meine-awi.de\\\/awi-aktuell\\\/#\\\/schema\\\/logo\\\/image\\\/\",\"url\":\"https:\\\/\\\/www.meine-awi.de\\\/awi-aktuell\\\/wp-content\\\/uploads\\\/sites\\\/6\\\/2020\\\/12\\\/AWI-LOGO-grande-senza-awi.png\",\"contentUrl\":\"https:\\\/\\\/www.meine-awi.de\\\/awi-aktuell\\\/wp-content\\\/uploads\\\/sites\\\/6\\\/2020\\\/12\\\/AWI-LOGO-grande-senza-awi.png\",\"width\":497,\"height\":558,\"caption\":\"AWI TREUHAND\"},\"image\":{\"@id\":\"https:\\\/\\\/www.meine-awi.de\\\/awi-aktuell\\\/#\\\/schema\\\/logo\\\/image\\\/\"}},{\"@type\":\"Person\",\"@id\":\"https:\\\/\\\/www.meine-awi.de\\\/awi-aktuell\\\/#\\\/schema\\\/person\\\/ac7dc7e55319f3e6a690765517c118c3\",\"name\":\"erzen\",\"image\":{\"@type\":\"ImageObject\",\"inLanguage\":\"de\",\"@id\":\"https:\\\/\\\/secure.gravatar.com\\\/avatar\\\/d8905298237945e0603e05970ec5cb3f56e7e342c580939b1440d04a579c3292?s=96&d=mm&r=g\",\"url\":\"https:\\\/\\\/secure.gravatar.com\\\/avatar\\\/d8905298237945e0603e05970ec5cb3f56e7e342c580939b1440d04a579c3292?s=96&d=mm&r=g\",\"contentUrl\":\"https:\\\/\\\/secure.gravatar.com\\\/avatar\\\/d8905298237945e0603e05970ec5cb3f56e7e342c580939b1440d04a579c3292?s=96&d=mm&r=g\",\"caption\":\"erzen\"},\"url\":\"https:\\\/\\\/www.meine-awi.de\\\/awi-aktuell\\\/author\\\/erzen\\\/\"}]}<\/script>\n<!-- \/ Yoast SEO Premium plugin. -->","yoast_head_json":{"title":"awi Sportfreunde erfolgreich beim Stadtradeln 2025 | Aktuelle Steuerthemen Steuerberater &amp; Wirtschaftspr\u00fcfer Augsburg","robots":{"index":"index","follow":"follow","max-snippet":"max-snippet:-1","max-image-preview":"max-image-preview:large","max-video-preview":"max-video-preview:-1"},"canonical":"https:\/\/www.meine-awi.de\/awi-aktuell\/pressen\/awi-sportfreunde-erfolgreich-beim-stadtradeln-2025\/","og_locale":"de_DE","og_type":"article","og_title":"awi Sportfreunde erfolgreich beim Stadtradeln 2025","og_description":"In der Zeit vom 05. Juli \u2013 25. Juli 2025 konnten wieder flei\u00dfig Kilometer auf dem Fahrrad gesammelt werden. Zum 16. Mal fand die internationale Kampagne","og_url":"https:\/\/www.meine-awi.de\/awi-aktuell\/pressen\/awi-sportfreunde-erfolgreich-beim-stadtradeln-2025\/","og_site_name":"Aktuelle Steuerthemen Steuerberater &amp; Wirtschaftspr\u00fcfer Augsburg","article_modified_time":"2025-09-03T06:12:56+00:00","og_image":[{"width":512,"height":512,"url":"https:\/\/www.meine-awi.de\/awi-aktuell\/wp-content\/uploads\/sites\/6\/2025\/09\/Stadtradeln-2025_Xing_LinkedIn-2048-\u00d7-2048-px.png","type":"image\/png"}],"twitter_card":"summary_large_image","twitter_misc":{"Gesch\u00e4tzte Lesezeit":"1\u00a0Minute"},"schema":{"@context":"https:\/\/schema.org","@graph":[{"@type":"NewsArticle","@id":"https:\/\/www.meine-awi.de\/awi-aktuell\/pressen\/awi-sportfreunde-erfolgreich-beim-stadtradeln-2025\/#article","isPartOf":{"@id":"https:\/\/www.meine-awi.de\/awi-aktuell\/pressen\/awi-sportfreunde-erfolgreich-beim-stadtradeln-2025\/"},"author":{"name":"erzen","@id":"https:\/\/www.meine-awi.de\/awi-aktuell\/#\/schema\/person\/ac7dc7e55319f3e6a690765517c118c3"},"headline":"awi Sportfreunde erfolgreich beim Stadtradeln 2025","datePublished":"2025-08-06T00:00:00+00:00","dateModified":"2025-09-03T06:12:56+00:00","mainEntityOfPage":{"@id":"https:\/\/www.meine-awi.de\/awi-aktuell\/pressen\/awi-sportfreunde-erfolgreich-beim-stadtradeln-2025\/"},"wordCount":178,"publisher":{"@id":"https:\/\/www.meine-awi.de\/awi-aktuell\/#organization"},"image":{"@id":"https:\/\/www.meine-awi.de\/awi-aktuell\/pressen\/awi-sportfreunde-erfolgreich-beim-stadtradeln-2025\/#primaryimage"},"thumbnailUrl":"https:\/\/www.meine-awi.de\/awi-aktuell\/wp-content\/uploads\/sites\/6\/2025\/09\/Stadtradeln-2025_Xing_LinkedIn-2048-\u00d7-2048-px.png","inLanguage":"de"},{"@type":"WebPage","@id":"https:\/\/www.meine-awi.de\/awi-aktuell\/pressen\/awi-sportfreunde-erfolgreich-beim-stadtradeln-2025\/","url":"https:\/\/www.meine-awi.de\/awi-aktuell\/pressen\/awi-sportfreunde-erfolgreich-beim-stadtradeln-2025\/","name":"awi Sportfreunde erfolgreich beim Stadtradeln 2025 | Aktuelle Steuerthemen Steuerberater &amp; Wirtschaftspr\u00fcfer Augsburg","isPartOf":{"@id":"https:\/\/www.meine-awi.de\/awi-aktuell\/#website"},"primaryImageOfPage":{"@id":"https:\/\/www.meine-awi.de\/awi-aktuell\/pressen\/awi-sportfreunde-erfolgreich-beim-stadtradeln-2025\/#primaryimage"},"image":{"@id":"https:\/\/www.meine-awi.de\/awi-aktuell\/pressen\/awi-sportfreunde-erfolgreich-beim-stadtradeln-2025\/#primaryimage"},"thumbnailUrl":"https:\/\/www.meine-awi.de\/awi-aktuell\/wp-content\/uploads\/sites\/6\/2025\/09\/Stadtradeln-2025_Xing_LinkedIn-2048-\u00d7-2048-px.png","datePublished":"2025-08-06T00:00:00+00:00","dateModified":"2025-09-03T06:12:56+00:00","breadcrumb":{"@id":"https:\/\/www.meine-awi.de\/awi-aktuell\/pressen\/awi-sportfreunde-erfolgreich-beim-stadtradeln-2025\/#breadcrumb"},"inLanguage":"de","potentialAction":[{"@type":"ReadAction","target":["https:\/\/www.meine-awi.de\/awi-aktuell\/pressen\/awi-sportfreunde-erfolgreich-beim-stadtradeln-2025\/"]}]},{"@type":"ImageObject","inLanguage":"de","@id":"https:\/\/www.meine-awi.de\/awi-aktuell\/pressen\/awi-sportfreunde-erfolgreich-beim-stadtradeln-2025\/#primaryimage","url":"https:\/\/www.meine-awi.de\/awi-aktuell\/wp-content\/uploads\/sites\/6\/2025\/09\/Stadtradeln-2025_Xing_LinkedIn-2048-\u00d7-2048-px.png","contentUrl":"https:\/\/www.meine-awi.de\/awi-aktuell\/wp-content\/uploads\/sites\/6\/2025\/09\/Stadtradeln-2025_Xing_LinkedIn-2048-\u00d7-2048-px.png","width":512,"height":512},{"@type":"BreadcrumbList","@id":"https:\/\/www.meine-awi.de\/awi-aktuell\/pressen\/awi-sportfreunde-erfolgreich-beim-stadtradeln-2025\/#breadcrumb","itemListElement":[{"@type":"ListItem","position":1,"name":"Home","item":"https:\/\/www.meine-awi.de\/awi-aktuell\/"},{"@type":"ListItem","position":2,"name":"Press","item":"https:\/\/www.meine-awi.de\/awi-aktuell\/pressen\/"},{"@type":"ListItem","position":3,"name":"AWI Welt","item":"https:\/\/www.meine-awi.de\/awi-aktuell\/nachricht-fur\/awi-welt\/"},{"@type":"ListItem","position":4,"name":"awi Sportfreunde erfolgreich beim Stadtradeln 2025"}]},{"@type":"WebSite","@id":"https:\/\/www.meine-awi.de\/awi-aktuell\/#website","url":"https:\/\/www.meine-awi.de\/awi-aktuell\/","name":"Aktuelle Steuerthemen Steuerberater &amp; Wirtschaftspr\u00fcfer Augsburg","description":"awi Wirtschaftskanzlei Augsburg","publisher":{"@id":"https:\/\/www.meine-awi.de\/awi-aktuell\/#organization"},"potentialAction":[{"@type":"SearchAction","target":{"@type":"EntryPoint","urlTemplate":"https:\/\/www.meine-awi.de\/awi-aktuell\/?s={search_term_string}"},"query-input":{"@type":"PropertyValueSpecification","valueRequired":true,"valueName":"search_term_string"}}],"inLanguage":"de"},{"@type":"Organization","@id":"https:\/\/www.meine-awi.de\/awi-aktuell\/#organization","name":"AWI TREUHAND","url":"https:\/\/www.meine-awi.de\/awi-aktuell\/","logo":{"@type":"ImageObject","inLanguage":"de","@id":"https:\/\/www.meine-awi.de\/awi-aktuell\/#\/schema\/logo\/image\/","url":"https:\/\/www.meine-awi.de\/awi-aktuell\/wp-content\/uploads\/sites\/6\/2020\/12\/AWI-LOGO-grande-senza-awi.png","contentUrl":"https:\/\/www.meine-awi.de\/awi-aktuell\/wp-content\/uploads\/sites\/6\/2020\/12\/AWI-LOGO-grande-senza-awi.png","width":497,"height":558,"caption":"AWI TREUHAND"},"image":{"@id":"https:\/\/www.meine-awi.de\/awi-aktuell\/#\/schema\/logo\/image\/"}},{"@type":"Person","@id":"https:\/\/www.meine-awi.de\/awi-aktuell\/#\/schema\/person\/ac7dc7e55319f3e6a690765517c118c3","name":"erzen","image":{"@type":"ImageObject","inLanguage":"de","@id":"https:\/\/secure.gravatar.com\/avatar\/d8905298237945e0603e05970ec5cb3f56e7e342c580939b1440d04a579c3292?s=96&d=mm&r=g","url":"https:\/\/secure.gravatar.com\/avatar\/d8905298237945e0603e05970ec5cb3f56e7e342c580939b1440d04a579c3292?s=96&d=mm&r=g","contentUrl":"https:\/\/secure.gravatar.com\/avatar\/d8905298237945e0603e05970ec5cb3f56e7e342c580939b1440d04a579c3292?s=96&d=mm&r=g","caption":"erzen"},"url":"https:\/\/www.meine-awi.de\/awi-aktuell\/author\/erzen\/"}]}},"_links":{"self":[{"href":"https:\/\/www.meine-awi.de\/awi-aktuell\/wp-json\/wp\/v2\/pressen\/18157","targetHints":{"allow":["GET"]}}],"collection":[{"href":"https:\/\/www.meine-awi.de\/awi-aktuell\/wp-json\/wp\/v2\/pressen"}],"about":[{"href":"https:\/\/www.meine-awi.de\/awi-aktuell\/wp-json\/wp\/v2\/types\/pressen"}],"author":[{"embeddable":true,"href":"https:\/\/www.meine-awi.de\/awi-aktuell\/wp-json\/wp\/v2\/users\/12"}],"version-history":[{"count":0,"href":"https:\/\/www.meine-awi.de\/awi-aktuell\/wp-json\/wp\/v2\/pressen\/18157\/revisions"}],"wp:featuredmedia":[{"embeddable":true,"href":"https:\/\/www.meine-awi.de\/awi-aktuell\/wp-json\/wp\/v2\/media\/18158"}],"wp:attachment":[{"href":"https:\/\/www.meine-awi.de\/awi-aktuell\/wp-json\/wp\/v2\/media?parent=18157"}],"wp:term":[{"taxonomy":"nachricht-fur","embeddable":true,"href":"https:\/\/www.meine-awi.de\/awi-aktuell\/wp-json\/wp\/v2\/nachricht-fur?post=18157"},{"taxonomy":"wo-soll-es-gezeigt-werden","embeddable":true,"href":"https:\/\/www.meine-awi.de\/awi-aktuell\/wp-json\/wp\/v2\/wo-soll-es-gezeigt-werden?post=18157"}],"curies":[{"name":"wp","href":"https:\/\/api.w.org\/{rel}","templated":true}]}}