{"id":14098,"date":"2023-03-27T12:04:30","date_gmt":"2023-03-27T10:04:30","guid":{"rendered":"https:\/\/www.meine-awi.de\/awi-aktuell\/?post_type=pressen&#038;p=14098"},"modified":"2025-03-26T10:45:41","modified_gmt":"2025-03-26T09:45:41","slug":"aktueller-beitrag-von-awi-treuhand-im-ihk-magazin-bayrisch-schwaebische-wirtschaft","status":"publish","type":"pressen","link":"https:\/\/www.meine-awi.de\/awi-aktuell\/pressen\/aktueller-beitrag-von-awi-treuhand-im-ihk-magazin-bayrisch-schwaebische-wirtschaft\/","title":{"rendered":"Aktueller Beitrag von AWI TREUHAND im IHK-Magazin Bayrisch-Schw\u00e4bische Wirtschaft 03\/23"},"content":{"rendered":"<p><span style=\"font-family: arial, helvetica, sans-serif\">Schon gesehen? In der aktuellen Ausgabe der Bayrisch-Schw\u00e4bischen Wirtschaft 03\/23 pr\u00e4sentiert Stefanie Kutjak, Leiterin Personalwirtschaft unserer Steuerkanzlei, Details zum Thema \u201eeAU- die digitale Krankmeldung\u201c. Die BSW ist die auflagenst\u00e4rkste und einzige Wirtschaftszeitschrift mit umfassenden Informationen f\u00fcr und \u00fcber Unternehmen in Bayerisch-Schwaben. Als regionale Steuerkanzlei aus Augsburg nutzen wir das IHK-Magazin, um umfassend \u00fcber aktuelle Themen zu informieren.<\/span><\/p>\n<p>&nbsp;<\/p>\n<p>&nbsp;<\/p>\n","protected":false},"excerpt":{"rendered":"<p>Schon gesehen? In der aktuellen Ausgabe der Bayrisch-Schw\u00e4bischen Wirtschaft 03\/23 pr\u00e4sentiert Stefanie Kutjak, Leiterin Personalwirtschaft unserer Steuerkanzlei, Details zum Thema \u201eeAU- die digitale Krankmeldung\u201c. Die BSW ist die auflagenst\u00e4rkste und einzige Wirtschaftszeitschrift mit umfassenden Informationen f\u00fcr und \u00fcber Unternehmen in Bayerisch-Schwaben. Als regionale Steuerkanzlei aus Augsburg nutzen wir das IHK-Magazin, um umfassend \u00fcber aktuelle Themen [&hellip;]<\/p>\n","protected":false},"author":12,"featured_media":14099,"template":"","nachricht-fur":[123],"wo-soll-es-gezeigt-werden":[],"class_list":["post-14098","pressen","type-pressen","status-publish","has-post-thumbnail","hentry","nachricht-fur-nachrichten-allgemeine"],"yoast_head":"<!-- This site is optimized with the Yoast SEO Premium plugin v27.2 (Yoast SEO v27.4) - https:\/\/yoast.com\/product\/yoast-seo-premium-wordpress\/ -->\n<title>Aktueller Beitrag von AWI TREUHAND im IHK-Magazin Bayrisch-Schw\u00e4bische Wirtschaft 03\/23 | Aktuelle Steuerthemen Steuerberater &amp; Wirtschaftspr\u00fcfer Augsburg<\/title>\n<meta name=\"robots\" content=\"index, follow, max-snippet:-1, max-image-preview:large, max-video-preview:-1\" \/>\n<link rel=\"canonical\" href=\"https:\/\/www.meine-awi.de\/awi-aktuell\/pressen\/aktueller-beitrag-von-awi-treuhand-im-ihk-magazin-bayrisch-schwaebische-wirtschaft\/\" \/>\n<meta property=\"og:locale\" content=\"de_DE\" \/>\n<meta property=\"og:type\" content=\"article\" \/>\n<meta property=\"og:title\" content=\"Aktueller Beitrag von AWI TREUHAND im IHK-Magazin Bayrisch-Schw\u00e4bische Wirtschaft 03\/23\" \/>\n<meta property=\"og:description\" content=\"Schon gesehen? In der aktuellen Ausgabe der Bayrisch-Schw\u00e4bischen Wirtschaft 03\/23 pr\u00e4sentiert Stefanie Kutjak, Leiterin Personalwirtschaft unserer\" \/>\n<meta property=\"og:url\" content=\"https:\/\/www.meine-awi.de\/awi-aktuell\/pressen\/aktueller-beitrag-von-awi-treuhand-im-ihk-magazin-bayrisch-schwaebische-wirtschaft\/\" \/>\n<meta property=\"og:site_name\" content=\"Aktuelle Steuerthemen Steuerberater &amp; Wirtschaftspr\u00fcfer Augsburg\" \/>\n<meta property=\"article:modified_time\" content=\"2025-03-26T09:45:41+00:00\" \/>\n<meta property=\"og:image\" content=\"https:\/\/www.meine-awi.de\/awi-aktuell\/wp-content\/uploads\/sites\/6\/2023\/03\/SKM_224e23032013500_0001.jpg\" \/>\n\t<meta property=\"og:image:width\" content=\"2399\" \/>\n\t<meta property=\"og:image:height\" content=\"1685\" \/>\n\t<meta property=\"og:image:type\" content=\"image\/jpeg\" \/>\n<meta name=\"twitter:card\" content=\"summary_large_image\" \/>\n<script type=\"application\/ld+json\" class=\"yoast-schema-graph\">{\"@context\":\"https:\\\/\\\/schema.org\",\"@graph\":[{\"@type\":\"NewsArticle\",\"@id\":\"https:\\\/\\\/www.meine-awi.de\\\/awi-aktuell\\\/pressen\\\/aktueller-beitrag-von-awi-treuhand-im-ihk-magazin-bayrisch-schwaebische-wirtschaft\\\/#article\",\"isPartOf\":{\"@id\":\"https:\\\/\\\/www.meine-awi.de\\\/awi-aktuell\\\/pressen\\\/aktueller-beitrag-von-awi-treuhand-im-ihk-magazin-bayrisch-schwaebische-wirtschaft\\\/\"},\"author\":{\"name\":\"erzen\",\"@id\":\"https:\\\/\\\/www.meine-awi.de\\\/awi-aktuell\\\/#\\\/schema\\\/person\\\/ac7dc7e55319f3e6a690765517c118c3\"},\"headline\":\"Aktueller Beitrag von AWI TREUHAND im IHK-Magazin Bayrisch-Schw\u00e4bische Wirtschaft 03\\\/23\",\"datePublished\":\"2023-03-27T10:04:30+00:00\",\"dateModified\":\"2025-03-26T09:45:41+00:00\",\"mainEntityOfPage\":{\"@id\":\"https:\\\/\\\/www.meine-awi.de\\\/awi-aktuell\\\/pressen\\\/aktueller-beitrag-von-awi-treuhand-im-ihk-magazin-bayrisch-schwaebische-wirtschaft\\\/\"},\"wordCount\":72,\"publisher\":{\"@id\":\"https:\\\/\\\/www.meine-awi.de\\\/awi-aktuell\\\/#organization\"},\"image\":{\"@id\":\"https:\\\/\\\/www.meine-awi.de\\\/awi-aktuell\\\/pressen\\\/aktueller-beitrag-von-awi-treuhand-im-ihk-magazin-bayrisch-schwaebische-wirtschaft\\\/#primaryimage\"},\"thumbnailUrl\":\"https:\\\/\\\/www.meine-awi.de\\\/awi-aktuell\\\/wp-content\\\/uploads\\\/sites\\\/6\\\/2023\\\/03\\\/SKM_224e23032013500_0001.jpg\",\"inLanguage\":\"de\"},{\"@type\":\"WebPage\",\"@id\":\"https:\\\/\\\/www.meine-awi.de\\\/awi-aktuell\\\/pressen\\\/aktueller-beitrag-von-awi-treuhand-im-ihk-magazin-bayrisch-schwaebische-wirtschaft\\\/\",\"url\":\"https:\\\/\\\/www.meine-awi.de\\\/awi-aktuell\\\/pressen\\\/aktueller-beitrag-von-awi-treuhand-im-ihk-magazin-bayrisch-schwaebische-wirtschaft\\\/\",\"name\":\"Aktueller Beitrag von AWI TREUHAND im IHK-Magazin Bayrisch-Schw\u00e4bische Wirtschaft 03\\\/23 | Aktuelle Steuerthemen Steuerberater &amp; Wirtschaftspr\u00fcfer Augsburg\",\"isPartOf\":{\"@id\":\"https:\\\/\\\/www.meine-awi.de\\\/awi-aktuell\\\/#website\"},\"primaryImageOfPage\":{\"@id\":\"https:\\\/\\\/www.meine-awi.de\\\/awi-aktuell\\\/pressen\\\/aktueller-beitrag-von-awi-treuhand-im-ihk-magazin-bayrisch-schwaebische-wirtschaft\\\/#primaryimage\"},\"image\":{\"@id\":\"https:\\\/\\\/www.meine-awi.de\\\/awi-aktuell\\\/pressen\\\/aktueller-beitrag-von-awi-treuhand-im-ihk-magazin-bayrisch-schwaebische-wirtschaft\\\/#primaryimage\"},\"thumbnailUrl\":\"https:\\\/\\\/www.meine-awi.de\\\/awi-aktuell\\\/wp-content\\\/uploads\\\/sites\\\/6\\\/2023\\\/03\\\/SKM_224e23032013500_0001.jpg\",\"datePublished\":\"2023-03-27T10:04:30+00:00\",\"dateModified\":\"2025-03-26T09:45:41+00:00\",\"breadcrumb\":{\"@id\":\"https:\\\/\\\/www.meine-awi.de\\\/awi-aktuell\\\/pressen\\\/aktueller-beitrag-von-awi-treuhand-im-ihk-magazin-bayrisch-schwaebische-wirtschaft\\\/#breadcrumb\"},\"inLanguage\":\"de\",\"potentialAction\":[{\"@type\":\"ReadAction\",\"target\":[\"https:\\\/\\\/www.meine-awi.de\\\/awi-aktuell\\\/pressen\\\/aktueller-beitrag-von-awi-treuhand-im-ihk-magazin-bayrisch-schwaebische-wirtschaft\\\/\"]}]},{\"@type\":\"ImageObject\",\"inLanguage\":\"de\",\"@id\":\"https:\\\/\\\/www.meine-awi.de\\\/awi-aktuell\\\/pressen\\\/aktueller-beitrag-von-awi-treuhand-im-ihk-magazin-bayrisch-schwaebische-wirtschaft\\\/#primaryimage\",\"url\":\"https:\\\/\\\/www.meine-awi.de\\\/awi-aktuell\\\/wp-content\\\/uploads\\\/sites\\\/6\\\/2023\\\/03\\\/SKM_224e23032013500_0001.jpg\",\"contentUrl\":\"https:\\\/\\\/www.meine-awi.de\\\/awi-aktuell\\\/wp-content\\\/uploads\\\/sites\\\/6\\\/2023\\\/03\\\/SKM_224e23032013500_0001.jpg\",\"width\":2399,\"height\":1685},{\"@type\":\"BreadcrumbList\",\"@id\":\"https:\\\/\\\/www.meine-awi.de\\\/awi-aktuell\\\/pressen\\\/aktueller-beitrag-von-awi-treuhand-im-ihk-magazin-bayrisch-schwaebische-wirtschaft\\\/#breadcrumb\",\"itemListElement\":[{\"@type\":\"ListItem\",\"position\":1,\"name\":\"Home\",\"item\":\"https:\\\/\\\/www.meine-awi.de\\\/awi-aktuell\\\/\"},{\"@type\":\"ListItem\",\"position\":2,\"name\":\"Press\",\"item\":\"https:\\\/\\\/www.meine-awi.de\\\/awi-aktuell\\\/pressen\\\/\"},{\"@type\":\"ListItem\",\"position\":3,\"name\":\"Nachrichten Allgemeine\",\"item\":\"https:\\\/\\\/www.meine-awi.de\\\/awi-aktuell\\\/nachricht-fur\\\/nachrichten-allgemeine\\\/\"},{\"@type\":\"ListItem\",\"position\":4,\"name\":\"Aktueller Beitrag von AWI TREUHAND im IHK-Magazin Bayrisch-Schw\u00e4bische Wirtschaft 03\\\/23\"}]},{\"@type\":\"WebSite\",\"@id\":\"https:\\\/\\\/www.meine-awi.de\\\/awi-aktuell\\\/#website\",\"url\":\"https:\\\/\\\/www.meine-awi.de\\\/awi-aktuell\\\/\",\"name\":\"Aktuelle Steuerthemen Steuerberater &amp; Wirtschaftspr\u00fcfer Augsburg\",\"description\":\"awi Wirtschaftskanzlei Augsburg\",\"publisher\":{\"@id\":\"https:\\\/\\\/www.meine-awi.de\\\/awi-aktuell\\\/#organization\"},\"potentialAction\":[{\"@type\":\"SearchAction\",\"target\":{\"@type\":\"EntryPoint\",\"urlTemplate\":\"https:\\\/\\\/www.meine-awi.de\\\/awi-aktuell\\\/?s={search_term_string}\"},\"query-input\":{\"@type\":\"PropertyValueSpecification\",\"valueRequired\":true,\"valueName\":\"search_term_string\"}}],\"inLanguage\":\"de\"},{\"@type\":\"Organization\",\"@id\":\"https:\\\/\\\/www.meine-awi.de\\\/awi-aktuell\\\/#organization\",\"name\":\"AWI TREUHAND\",\"url\":\"https:\\\/\\\/www.meine-awi.de\\\/awi-aktuell\\\/\",\"logo\":{\"@type\":\"ImageObject\",\"inLanguage\":\"de\",\"@id\":\"https:\\\/\\\/www.meine-awi.de\\\/awi-aktuell\\\/#\\\/schema\\\/logo\\\/image\\\/\",\"url\":\"https:\\\/\\\/www.meine-awi.de\\\/awi-aktuell\\\/wp-content\\\/uploads\\\/sites\\\/6\\\/2020\\\/12\\\/AWI-LOGO-grande-senza-awi.png\",\"contentUrl\":\"https:\\\/\\\/www.meine-awi.de\\\/awi-aktuell\\\/wp-content\\\/uploads\\\/sites\\\/6\\\/2020\\\/12\\\/AWI-LOGO-grande-senza-awi.png\",\"width\":497,\"height\":558,\"caption\":\"AWI TREUHAND\"},\"image\":{\"@id\":\"https:\\\/\\\/www.meine-awi.de\\\/awi-aktuell\\\/#\\\/schema\\\/logo\\\/image\\\/\"}},{\"@type\":\"Person\",\"@id\":\"https:\\\/\\\/www.meine-awi.de\\\/awi-aktuell\\\/#\\\/schema\\\/person\\\/ac7dc7e55319f3e6a690765517c118c3\",\"name\":\"erzen\",\"image\":{\"@type\":\"ImageObject\",\"inLanguage\":\"de\",\"@id\":\"https:\\\/\\\/secure.gravatar.com\\\/avatar\\\/d8905298237945e0603e05970ec5cb3f56e7e342c580939b1440d04a579c3292?s=96&d=mm&r=g\",\"url\":\"https:\\\/\\\/secure.gravatar.com\\\/avatar\\\/d8905298237945e0603e05970ec5cb3f56e7e342c580939b1440d04a579c3292?s=96&d=mm&r=g\",\"contentUrl\":\"https:\\\/\\\/secure.gravatar.com\\\/avatar\\\/d8905298237945e0603e05970ec5cb3f56e7e342c580939b1440d04a579c3292?s=96&d=mm&r=g\",\"caption\":\"erzen\"},\"url\":\"https:\\\/\\\/www.meine-awi.de\\\/awi-aktuell\\\/author\\\/erzen\\\/\"}]}<\/script>\n<!-- \/ Yoast SEO Premium plugin. -->","yoast_head_json":{"title":"Aktueller Beitrag von AWI TREUHAND im IHK-Magazin Bayrisch-Schw\u00e4bische Wirtschaft 03\/23 | Aktuelle Steuerthemen Steuerberater &amp; Wirtschaftspr\u00fcfer Augsburg","robots":{"index":"index","follow":"follow","max-snippet":"max-snippet:-1","max-image-preview":"max-image-preview:large","max-video-preview":"max-video-preview:-1"},"canonical":"https:\/\/www.meine-awi.de\/awi-aktuell\/pressen\/aktueller-beitrag-von-awi-treuhand-im-ihk-magazin-bayrisch-schwaebische-wirtschaft\/","og_locale":"de_DE","og_type":"article","og_title":"Aktueller Beitrag von AWI TREUHAND im IHK-Magazin Bayrisch-Schw\u00e4bische Wirtschaft 03\/23","og_description":"Schon gesehen? In der aktuellen Ausgabe der Bayrisch-Schw\u00e4bischen Wirtschaft 03\/23 pr\u00e4sentiert Stefanie Kutjak, Leiterin Personalwirtschaft unserer","og_url":"https:\/\/www.meine-awi.de\/awi-aktuell\/pressen\/aktueller-beitrag-von-awi-treuhand-im-ihk-magazin-bayrisch-schwaebische-wirtschaft\/","og_site_name":"Aktuelle Steuerthemen Steuerberater &amp; Wirtschaftspr\u00fcfer Augsburg","article_modified_time":"2025-03-26T09:45:41+00:00","og_image":[{"width":2399,"height":1685,"url":"https:\/\/www.meine-awi.de\/awi-aktuell\/wp-content\/uploads\/sites\/6\/2023\/03\/SKM_224e23032013500_0001.jpg","type":"image\/jpeg"}],"twitter_card":"summary_large_image","schema":{"@context":"https:\/\/schema.org","@graph":[{"@type":"NewsArticle","@id":"https:\/\/www.meine-awi.de\/awi-aktuell\/pressen\/aktueller-beitrag-von-awi-treuhand-im-ihk-magazin-bayrisch-schwaebische-wirtschaft\/#article","isPartOf":{"@id":"https:\/\/www.meine-awi.de\/awi-aktuell\/pressen\/aktueller-beitrag-von-awi-treuhand-im-ihk-magazin-bayrisch-schwaebische-wirtschaft\/"},"author":{"name":"erzen","@id":"https:\/\/www.meine-awi.de\/awi-aktuell\/#\/schema\/person\/ac7dc7e55319f3e6a690765517c118c3"},"headline":"Aktueller Beitrag von AWI TREUHAND im IHK-Magazin Bayrisch-Schw\u00e4bische Wirtschaft 03\/23","datePublished":"2023-03-27T10:04:30+00:00","dateModified":"2025-03-26T09:45:41+00:00","mainEntityOfPage":{"@id":"https:\/\/www.meine-awi.de\/awi-aktuell\/pressen\/aktueller-beitrag-von-awi-treuhand-im-ihk-magazin-bayrisch-schwaebische-wirtschaft\/"},"wordCount":72,"publisher":{"@id":"https:\/\/www.meine-awi.de\/awi-aktuell\/#organization"},"image":{"@id":"https:\/\/www.meine-awi.de\/awi-aktuell\/pressen\/aktueller-beitrag-von-awi-treuhand-im-ihk-magazin-bayrisch-schwaebische-wirtschaft\/#primaryimage"},"thumbnailUrl":"https:\/\/www.meine-awi.de\/awi-aktuell\/wp-content\/uploads\/sites\/6\/2023\/03\/SKM_224e23032013500_0001.jpg","inLanguage":"de"},{"@type":"WebPage","@id":"https:\/\/www.meine-awi.de\/awi-aktuell\/pressen\/aktueller-beitrag-von-awi-treuhand-im-ihk-magazin-bayrisch-schwaebische-wirtschaft\/","url":"https:\/\/www.meine-awi.de\/awi-aktuell\/pressen\/aktueller-beitrag-von-awi-treuhand-im-ihk-magazin-bayrisch-schwaebische-wirtschaft\/","name":"Aktueller Beitrag von AWI TREUHAND im IHK-Magazin Bayrisch-Schw\u00e4bische Wirtschaft 03\/23 | Aktuelle Steuerthemen Steuerberater &amp; Wirtschaftspr\u00fcfer Augsburg","isPartOf":{"@id":"https:\/\/www.meine-awi.de\/awi-aktuell\/#website"},"primaryImageOfPage":{"@id":"https:\/\/www.meine-awi.de\/awi-aktuell\/pressen\/aktueller-beitrag-von-awi-treuhand-im-ihk-magazin-bayrisch-schwaebische-wirtschaft\/#primaryimage"},"image":{"@id":"https:\/\/www.meine-awi.de\/awi-aktuell\/pressen\/aktueller-beitrag-von-awi-treuhand-im-ihk-magazin-bayrisch-schwaebische-wirtschaft\/#primaryimage"},"thumbnailUrl":"https:\/\/www.meine-awi.de\/awi-aktuell\/wp-content\/uploads\/sites\/6\/2023\/03\/SKM_224e23032013500_0001.jpg","datePublished":"2023-03-27T10:04:30+00:00","dateModified":"2025-03-26T09:45:41+00:00","breadcrumb":{"@id":"https:\/\/www.meine-awi.de\/awi-aktuell\/pressen\/aktueller-beitrag-von-awi-treuhand-im-ihk-magazin-bayrisch-schwaebische-wirtschaft\/#breadcrumb"},"inLanguage":"de","potentialAction":[{"@type":"ReadAction","target":["https:\/\/www.meine-awi.de\/awi-aktuell\/pressen\/aktueller-beitrag-von-awi-treuhand-im-ihk-magazin-bayrisch-schwaebische-wirtschaft\/"]}]},{"@type":"ImageObject","inLanguage":"de","@id":"https:\/\/www.meine-awi.de\/awi-aktuell\/pressen\/aktueller-beitrag-von-awi-treuhand-im-ihk-magazin-bayrisch-schwaebische-wirtschaft\/#primaryimage","url":"https:\/\/www.meine-awi.de\/awi-aktuell\/wp-content\/uploads\/sites\/6\/2023\/03\/SKM_224e23032013500_0001.jpg","contentUrl":"https:\/\/www.meine-awi.de\/awi-aktuell\/wp-content\/uploads\/sites\/6\/2023\/03\/SKM_224e23032013500_0001.jpg","width":2399,"height":1685},{"@type":"BreadcrumbList","@id":"https:\/\/www.meine-awi.de\/awi-aktuell\/pressen\/aktueller-beitrag-von-awi-treuhand-im-ihk-magazin-bayrisch-schwaebische-wirtschaft\/#breadcrumb","itemListElement":[{"@type":"ListItem","position":1,"name":"Home","item":"https:\/\/www.meine-awi.de\/awi-aktuell\/"},{"@type":"ListItem","position":2,"name":"Press","item":"https:\/\/www.meine-awi.de\/awi-aktuell\/pressen\/"},{"@type":"ListItem","position":3,"name":"Nachrichten Allgemeine","item":"https:\/\/www.meine-awi.de\/awi-aktuell\/nachricht-fur\/nachrichten-allgemeine\/"},{"@type":"ListItem","position":4,"name":"Aktueller Beitrag von AWI TREUHAND im IHK-Magazin Bayrisch-Schw\u00e4bische Wirtschaft 03\/23"}]},{"@type":"WebSite","@id":"https:\/\/www.meine-awi.de\/awi-aktuell\/#website","url":"https:\/\/www.meine-awi.de\/awi-aktuell\/","name":"Aktuelle Steuerthemen Steuerberater &amp; Wirtschaftspr\u00fcfer Augsburg","description":"awi Wirtschaftskanzlei Augsburg","publisher":{"@id":"https:\/\/www.meine-awi.de\/awi-aktuell\/#organization"},"potentialAction":[{"@type":"SearchAction","target":{"@type":"EntryPoint","urlTemplate":"https:\/\/www.meine-awi.de\/awi-aktuell\/?s={search_term_string}"},"query-input":{"@type":"PropertyValueSpecification","valueRequired":true,"valueName":"search_term_string"}}],"inLanguage":"de"},{"@type":"Organization","@id":"https:\/\/www.meine-awi.de\/awi-aktuell\/#organization","name":"AWI TREUHAND","url":"https:\/\/www.meine-awi.de\/awi-aktuell\/","logo":{"@type":"ImageObject","inLanguage":"de","@id":"https:\/\/www.meine-awi.de\/awi-aktuell\/#\/schema\/logo\/image\/","url":"https:\/\/www.meine-awi.de\/awi-aktuell\/wp-content\/uploads\/sites\/6\/2020\/12\/AWI-LOGO-grande-senza-awi.png","contentUrl":"https:\/\/www.meine-awi.de\/awi-aktuell\/wp-content\/uploads\/sites\/6\/2020\/12\/AWI-LOGO-grande-senza-awi.png","width":497,"height":558,"caption":"AWI TREUHAND"},"image":{"@id":"https:\/\/www.meine-awi.de\/awi-aktuell\/#\/schema\/logo\/image\/"}},{"@type":"Person","@id":"https:\/\/www.meine-awi.de\/awi-aktuell\/#\/schema\/person\/ac7dc7e55319f3e6a690765517c118c3","name":"erzen","image":{"@type":"ImageObject","inLanguage":"de","@id":"https:\/\/secure.gravatar.com\/avatar\/d8905298237945e0603e05970ec5cb3f56e7e342c580939b1440d04a579c3292?s=96&d=mm&r=g","url":"https:\/\/secure.gravatar.com\/avatar\/d8905298237945e0603e05970ec5cb3f56e7e342c580939b1440d04a579c3292?s=96&d=mm&r=g","contentUrl":"https:\/\/secure.gravatar.com\/avatar\/d8905298237945e0603e05970ec5cb3f56e7e342c580939b1440d04a579c3292?s=96&d=mm&r=g","caption":"erzen"},"url":"https:\/\/www.meine-awi.de\/awi-aktuell\/author\/erzen\/"}]}},"_links":{"self":[{"href":"https:\/\/www.meine-awi.de\/awi-aktuell\/wp-json\/wp\/v2\/pressen\/14098","targetHints":{"allow":["GET"]}}],"collection":[{"href":"https:\/\/www.meine-awi.de\/awi-aktuell\/wp-json\/wp\/v2\/pressen"}],"about":[{"href":"https:\/\/www.meine-awi.de\/awi-aktuell\/wp-json\/wp\/v2\/types\/pressen"}],"author":[{"embeddable":true,"href":"https:\/\/www.meine-awi.de\/awi-aktuell\/wp-json\/wp\/v2\/users\/12"}],"version-history":[{"count":0,"href":"https:\/\/www.meine-awi.de\/awi-aktuell\/wp-json\/wp\/v2\/pressen\/14098\/revisions"}],"wp:featuredmedia":[{"embeddable":true,"href":"https:\/\/www.meine-awi.de\/awi-aktuell\/wp-json\/wp\/v2\/media\/14099"}],"wp:attachment":[{"href":"https:\/\/www.meine-awi.de\/awi-aktuell\/wp-json\/wp\/v2\/media?parent=14098"}],"wp:term":[{"taxonomy":"nachricht-fur","embeddable":true,"href":"https:\/\/www.meine-awi.de\/awi-aktuell\/wp-json\/wp\/v2\/nachricht-fur?post=14098"},{"taxonomy":"wo-soll-es-gezeigt-werden","embeddable":true,"href":"https:\/\/www.meine-awi.de\/awi-aktuell\/wp-json\/wp\/v2\/wo-soll-es-gezeigt-werden?post=14098"}],"curies":[{"name":"wp","href":"https:\/\/api.w.org\/{rel}","templated":true}]}}