{"id":11292,"date":"2014-05-02T00:00:00","date_gmt":"2014-05-02T00:00:00","guid":{"rendered":"https:\/\/www.meine-awi.de\/awi-aktuell\/?post_type=pressen&#038;p=11292"},"modified":"2021-05-17T11:34:32","modified_gmt":"2021-05-17T09:34:32","slug":"b4b-schwaben-schwerpunkt-steuern-wirtschaft-recht","status":"publish","type":"pressen","link":"https:\/\/www.meine-awi.de\/awi-aktuell\/pressen\/b4b-schwaben-schwerpunkt-steuern-wirtschaft-recht\/","title":{"rendered":"B4B Schwaben &#8211; Schwerpunkt Steuern &#8211; Wirtschaft &#8211; Recht"},"content":{"rendered":"<p><strong>GUT BERATEN VON ANFANGEN AN<br \/>\n<\/strong><\/p>\n<p>Seit als 60 Jahren sind die Berater der\u00a0AWI TREUHAND\u00a0und Ihrer Gesellschaften als ausgewiesene Experten f\u00fcr steuer, Wirtschaft und Recht in Augsburg t\u00e4tig. Mit \u00fcber 50 Mitarbeiten betreut das interdisziplin\u00e4re AWI-Team Unternehmen jeder Gr\u00f6\u00dfe und Branche, Freuberufler, Unternehmer und Privatpersonen \u2013 auch \u00fcber die Grenzen der Region Augsburg hinaus.<\/p>\n","protected":false},"excerpt":{"rendered":"<p>GUT BERATEN VON ANFANGEN AN Seit als 60 Jahren sind die Berater der\u00a0AWI TREUHAND\u00a0und Ihrer Gesellschaften als ausgewiesene Experten f\u00fcr steuer, Wirtschaft und Recht in Augsburg t\u00e4tig. Mit \u00fcber 50 Mitarbeiten betreut das interdisziplin\u00e4re AWI-Team Unternehmen jeder Gr\u00f6\u00dfe und Branche, Freuberufler, Unternehmer und Privatpersonen \u2013 auch \u00fcber die Grenzen der Region Augsburg hinaus.<\/p>\n","protected":false},"author":2,"featured_media":11478,"template":"","nachricht-fur":[123],"wo-soll-es-gezeigt-werden":[],"class_list":["post-11292","pressen","type-pressen","status-publish","has-post-thumbnail","hentry","nachricht-fur-nachrichten-allgemeine"],"yoast_head":"<!-- This site is optimized with the Yoast SEO Premium plugin v27.2 (Yoast SEO v27.5) - https:\/\/yoast.com\/product\/yoast-seo-premium-wordpress\/ -->\n<title>Schwerpunkt Steuern - Wirtschaft - Recht | Aktuelle Steuerthemen Steuerberater &amp; Wirtschaftspr\u00fcfer Augsburg<\/title>\n<meta name=\"description\" content=\"Seit als 60 Jahren sind die Berater der\u00a0AWI TREUHAND\u00a0und Ihrer Gesellschaften als ausgewiesene Experten f\u00fcr steuer, Wirtschaft und Recht in Augsburg t\u00e4tig. Mit \u00fcber 50 Mitarbeiten betreut das interdisziplin\u00e4re AWI-Team Unternehmen jeder Gr\u00f6\u00dfe und Branche, Freuberufler, Unternehmer und Privatpersonen \u2013 auch \u00fcber die Grenzen der Region Augsburg hinaus.\" \/>\n<meta name=\"robots\" content=\"index, follow, max-snippet:-1, max-image-preview:large, max-video-preview:-1\" \/>\n<link rel=\"canonical\" href=\"https:\/\/www.meine-awi.de\/awi-aktuell\/pressen\/b4b-schwaben-schwerpunkt-steuern-wirtschaft-recht\/\" \/>\n<meta property=\"og:locale\" content=\"de_DE\" \/>\n<meta property=\"og:type\" content=\"article\" \/>\n<meta property=\"og:title\" content=\"B4B Schwaben - Schwerpunkt Steuern - Wirtschaft - Recht\" \/>\n<meta property=\"og:description\" content=\"GUT BERATEN VON ANFANGEN AN Seit als 60 Jahren sind die Berater der\u00a0AWI TREUHAND\u00a0und Ihrer Gesellschaften als ausgewiesene Experten f\u00fcr steuer, Wirtschaft\" \/>\n<meta property=\"og:url\" content=\"https:\/\/www.meine-awi.de\/awi-aktuell\/pressen\/b4b-schwaben-schwerpunkt-steuern-wirtschaft-recht\/\" \/>\n<meta property=\"og:site_name\" content=\"Aktuelle Steuerthemen Steuerberater &amp; Wirtschaftspr\u00fcfer Augsburg\" \/>\n<meta property=\"article:modified_time\" content=\"2021-05-17T09:34:32+00:00\" \/>\n<meta property=\"og:image\" content=\"https:\/\/www.meine-awi.de\/awi-aktuell\/wp-content\/uploads\/sites\/6\/2014\/05\/baySchwWirtschaft-2014-gut-beraten.jpg\" \/>\n\t<meta property=\"og:image:width\" content=\"1201\" \/>\n\t<meta property=\"og:image:height\" content=\"1653\" \/>\n\t<meta property=\"og:image:type\" content=\"image\/jpeg\" \/>\n<meta name=\"twitter:card\" content=\"summary_large_image\" \/>\n<meta name=\"twitter:label1\" content=\"Gesch\u00e4tzte Lesezeit\" \/>\n\t<meta name=\"twitter:data1\" content=\"1\u00a0Minute\" \/>\n<script type=\"application\/ld+json\" class=\"yoast-schema-graph\">{\"@context\":\"https:\\\/\\\/schema.org\",\"@graph\":[{\"@type\":\"NewsArticle\",\"@id\":\"https:\\\/\\\/www.meine-awi.de\\\/awi-aktuell\\\/pressen\\\/b4b-schwaben-schwerpunkt-steuern-wirtschaft-recht\\\/#article\",\"isPartOf\":{\"@id\":\"https:\\\/\\\/www.meine-awi.de\\\/awi-aktuell\\\/pressen\\\/b4b-schwaben-schwerpunkt-steuern-wirtschaft-recht\\\/\"},\"author\":{\"name\":\"Ulrich Raab\",\"@id\":\"https:\\\/\\\/www.meine-awi.de\\\/awi-aktuell\\\/#\\\/schema\\\/person\\\/8e0ee7c02c6bda92317e44d5ddd03914\"},\"headline\":\"B4B Schwaben &#8211; Schwerpunkt Steuern &#8211; Wirtschaft &#8211; Recht\",\"datePublished\":\"2014-05-02T00:00:00+00:00\",\"dateModified\":\"2021-05-17T09:34:32+00:00\",\"mainEntityOfPage\":{\"@id\":\"https:\\\/\\\/www.meine-awi.de\\\/awi-aktuell\\\/pressen\\\/b4b-schwaben-schwerpunkt-steuern-wirtschaft-recht\\\/\"},\"wordCount\":66,\"publisher\":{\"@id\":\"https:\\\/\\\/www.meine-awi.de\\\/awi-aktuell\\\/#organization\"},\"image\":{\"@id\":\"https:\\\/\\\/www.meine-awi.de\\\/awi-aktuell\\\/pressen\\\/b4b-schwaben-schwerpunkt-steuern-wirtschaft-recht\\\/#primaryimage\"},\"thumbnailUrl\":\"https:\\\/\\\/www.meine-awi.de\\\/awi-aktuell\\\/wp-content\\\/uploads\\\/sites\\\/6\\\/2014\\\/05\\\/baySchwWirtschaft-2014-gut-beraten.jpg\",\"inLanguage\":\"de\"},{\"@type\":\"WebPage\",\"@id\":\"https:\\\/\\\/www.meine-awi.de\\\/awi-aktuell\\\/pressen\\\/b4b-schwaben-schwerpunkt-steuern-wirtschaft-recht\\\/\",\"url\":\"https:\\\/\\\/www.meine-awi.de\\\/awi-aktuell\\\/pressen\\\/b4b-schwaben-schwerpunkt-steuern-wirtschaft-recht\\\/\",\"name\":\"Schwerpunkt Steuern - Wirtschaft - Recht | Aktuelle Steuerthemen Steuerberater &amp; Wirtschaftspr\u00fcfer Augsburg\",\"isPartOf\":{\"@id\":\"https:\\\/\\\/www.meine-awi.de\\\/awi-aktuell\\\/#website\"},\"primaryImageOfPage\":{\"@id\":\"https:\\\/\\\/www.meine-awi.de\\\/awi-aktuell\\\/pressen\\\/b4b-schwaben-schwerpunkt-steuern-wirtschaft-recht\\\/#primaryimage\"},\"image\":{\"@id\":\"https:\\\/\\\/www.meine-awi.de\\\/awi-aktuell\\\/pressen\\\/b4b-schwaben-schwerpunkt-steuern-wirtschaft-recht\\\/#primaryimage\"},\"thumbnailUrl\":\"https:\\\/\\\/www.meine-awi.de\\\/awi-aktuell\\\/wp-content\\\/uploads\\\/sites\\\/6\\\/2014\\\/05\\\/baySchwWirtschaft-2014-gut-beraten.jpg\",\"datePublished\":\"2014-05-02T00:00:00+00:00\",\"dateModified\":\"2021-05-17T09:34:32+00:00\",\"description\":\"Seit als 60 Jahren sind die Berater der\u00a0AWI TREUHAND\u00a0und Ihrer Gesellschaften als ausgewiesene Experten f\u00fcr steuer, Wirtschaft und Recht in Augsburg t\u00e4tig. Mit \u00fcber 50 Mitarbeiten betreut das interdisziplin\u00e4re AWI-Team Unternehmen jeder Gr\u00f6\u00dfe und Branche, Freuberufler, Unternehmer und Privatpersonen \u2013 auch \u00fcber die Grenzen der Region Augsburg hinaus.\",\"breadcrumb\":{\"@id\":\"https:\\\/\\\/www.meine-awi.de\\\/awi-aktuell\\\/pressen\\\/b4b-schwaben-schwerpunkt-steuern-wirtschaft-recht\\\/#breadcrumb\"},\"inLanguage\":\"de\",\"potentialAction\":[{\"@type\":\"ReadAction\",\"target\":[\"https:\\\/\\\/www.meine-awi.de\\\/awi-aktuell\\\/pressen\\\/b4b-schwaben-schwerpunkt-steuern-wirtschaft-recht\\\/\"]}]},{\"@type\":\"ImageObject\",\"inLanguage\":\"de\",\"@id\":\"https:\\\/\\\/www.meine-awi.de\\\/awi-aktuell\\\/pressen\\\/b4b-schwaben-schwerpunkt-steuern-wirtschaft-recht\\\/#primaryimage\",\"url\":\"https:\\\/\\\/www.meine-awi.de\\\/awi-aktuell\\\/wp-content\\\/uploads\\\/sites\\\/6\\\/2014\\\/05\\\/baySchwWirtschaft-2014-gut-beraten.jpg\",\"contentUrl\":\"https:\\\/\\\/www.meine-awi.de\\\/awi-aktuell\\\/wp-content\\\/uploads\\\/sites\\\/6\\\/2014\\\/05\\\/baySchwWirtschaft-2014-gut-beraten.jpg\",\"width\":1201,\"height\":1653},{\"@type\":\"BreadcrumbList\",\"@id\":\"https:\\\/\\\/www.meine-awi.de\\\/awi-aktuell\\\/pressen\\\/b4b-schwaben-schwerpunkt-steuern-wirtschaft-recht\\\/#breadcrumb\",\"itemListElement\":[{\"@type\":\"ListItem\",\"position\":1,\"name\":\"Home\",\"item\":\"https:\\\/\\\/www.meine-awi.de\\\/awi-aktuell\\\/\"},{\"@type\":\"ListItem\",\"position\":2,\"name\":\"Press\",\"item\":\"https:\\\/\\\/www.meine-awi.de\\\/awi-aktuell\\\/pressen\\\/\"},{\"@type\":\"ListItem\",\"position\":3,\"name\":\"Nachrichten Allgemeine\",\"item\":\"https:\\\/\\\/www.meine-awi.de\\\/awi-aktuell\\\/nachricht-fur\\\/nachrichten-allgemeine\\\/\"},{\"@type\":\"ListItem\",\"position\":4,\"name\":\"B4B Schwaben &#8211; Schwerpunkt Steuern &#8211; Wirtschaft &#8211; Recht\"}]},{\"@type\":\"WebSite\",\"@id\":\"https:\\\/\\\/www.meine-awi.de\\\/awi-aktuell\\\/#website\",\"url\":\"https:\\\/\\\/www.meine-awi.de\\\/awi-aktuell\\\/\",\"name\":\"Aktuelle Steuerthemen Steuerberater &amp; Wirtschaftspr\u00fcfer Augsburg\",\"description\":\"awi Wirtschaftskanzlei Augsburg\",\"publisher\":{\"@id\":\"https:\\\/\\\/www.meine-awi.de\\\/awi-aktuell\\\/#organization\"},\"potentialAction\":[{\"@type\":\"SearchAction\",\"target\":{\"@type\":\"EntryPoint\",\"urlTemplate\":\"https:\\\/\\\/www.meine-awi.de\\\/awi-aktuell\\\/?s={search_term_string}\"},\"query-input\":{\"@type\":\"PropertyValueSpecification\",\"valueRequired\":true,\"valueName\":\"search_term_string\"}}],\"inLanguage\":\"de\"},{\"@type\":\"Organization\",\"@id\":\"https:\\\/\\\/www.meine-awi.de\\\/awi-aktuell\\\/#organization\",\"name\":\"AWI TREUHAND\",\"url\":\"https:\\\/\\\/www.meine-awi.de\\\/awi-aktuell\\\/\",\"logo\":{\"@type\":\"ImageObject\",\"inLanguage\":\"de\",\"@id\":\"https:\\\/\\\/www.meine-awi.de\\\/awi-aktuell\\\/#\\\/schema\\\/logo\\\/image\\\/\",\"url\":\"https:\\\/\\\/www.meine-awi.de\\\/awi-aktuell\\\/wp-content\\\/uploads\\\/sites\\\/6\\\/2020\\\/12\\\/AWI-LOGO-grande-senza-awi.png\",\"contentUrl\":\"https:\\\/\\\/www.meine-awi.de\\\/awi-aktuell\\\/wp-content\\\/uploads\\\/sites\\\/6\\\/2020\\\/12\\\/AWI-LOGO-grande-senza-awi.png\",\"width\":497,\"height\":558,\"caption\":\"AWI TREUHAND\"},\"image\":{\"@id\":\"https:\\\/\\\/www.meine-awi.de\\\/awi-aktuell\\\/#\\\/schema\\\/logo\\\/image\\\/\"}},{\"@type\":\"Person\",\"@id\":\"https:\\\/\\\/www.meine-awi.de\\\/awi-aktuell\\\/#\\\/schema\\\/person\\\/8e0ee7c02c6bda92317e44d5ddd03914\",\"name\":\"Ulrich Raab\",\"image\":{\"@type\":\"ImageObject\",\"inLanguage\":\"de\",\"@id\":\"https:\\\/\\\/secure.gravatar.com\\\/avatar\\\/89ed04729c251f6cd0b257d75f3ea2fcdde2c462216ccf9d8ea47e348f7d678d?s=96&d=mm&r=g\",\"url\":\"https:\\\/\\\/secure.gravatar.com\\\/avatar\\\/89ed04729c251f6cd0b257d75f3ea2fcdde2c462216ccf9d8ea47e348f7d678d?s=96&d=mm&r=g\",\"contentUrl\":\"https:\\\/\\\/secure.gravatar.com\\\/avatar\\\/89ed04729c251f6cd0b257d75f3ea2fcdde2c462216ccf9d8ea47e348f7d678d?s=96&d=mm&r=g\",\"caption\":\"Ulrich Raab\"},\"url\":\"https:\\\/\\\/www.meine-awi.de\\\/awi-aktuell\\\/author\\\/raab\\\/\"}]}<\/script>\n<!-- \/ Yoast SEO Premium plugin. -->","yoast_head_json":{"title":"Schwerpunkt Steuern - Wirtschaft - Recht | Aktuelle Steuerthemen Steuerberater &amp; Wirtschaftspr\u00fcfer Augsburg","description":"Seit als 60 Jahren sind die Berater der\u00a0AWI TREUHAND\u00a0und Ihrer Gesellschaften als ausgewiesene Experten f\u00fcr steuer, Wirtschaft und Recht in Augsburg t\u00e4tig. Mit \u00fcber 50 Mitarbeiten betreut das interdisziplin\u00e4re AWI-Team Unternehmen jeder Gr\u00f6\u00dfe und Branche, Freuberufler, Unternehmer und Privatpersonen \u2013 auch \u00fcber die Grenzen der Region Augsburg hinaus.","robots":{"index":"index","follow":"follow","max-snippet":"max-snippet:-1","max-image-preview":"max-image-preview:large","max-video-preview":"max-video-preview:-1"},"canonical":"https:\/\/www.meine-awi.de\/awi-aktuell\/pressen\/b4b-schwaben-schwerpunkt-steuern-wirtschaft-recht\/","og_locale":"de_DE","og_type":"article","og_title":"B4B Schwaben - Schwerpunkt Steuern - Wirtschaft - Recht","og_description":"GUT BERATEN VON ANFANGEN AN Seit als 60 Jahren sind die Berater der\u00a0AWI TREUHAND\u00a0und Ihrer Gesellschaften als ausgewiesene Experten f\u00fcr steuer, Wirtschaft","og_url":"https:\/\/www.meine-awi.de\/awi-aktuell\/pressen\/b4b-schwaben-schwerpunkt-steuern-wirtschaft-recht\/","og_site_name":"Aktuelle Steuerthemen Steuerberater &amp; Wirtschaftspr\u00fcfer Augsburg","article_modified_time":"2021-05-17T09:34:32+00:00","og_image":[{"width":1201,"height":1653,"url":"https:\/\/www.meine-awi.de\/awi-aktuell\/wp-content\/uploads\/sites\/6\/2014\/05\/baySchwWirtschaft-2014-gut-beraten.jpg","type":"image\/jpeg"}],"twitter_card":"summary_large_image","twitter_misc":{"Gesch\u00e4tzte Lesezeit":"1\u00a0Minute"},"schema":{"@context":"https:\/\/schema.org","@graph":[{"@type":"NewsArticle","@id":"https:\/\/www.meine-awi.de\/awi-aktuell\/pressen\/b4b-schwaben-schwerpunkt-steuern-wirtschaft-recht\/#article","isPartOf":{"@id":"https:\/\/www.meine-awi.de\/awi-aktuell\/pressen\/b4b-schwaben-schwerpunkt-steuern-wirtschaft-recht\/"},"author":{"name":"Ulrich Raab","@id":"https:\/\/www.meine-awi.de\/awi-aktuell\/#\/schema\/person\/8e0ee7c02c6bda92317e44d5ddd03914"},"headline":"B4B Schwaben &#8211; Schwerpunkt Steuern &#8211; Wirtschaft &#8211; Recht","datePublished":"2014-05-02T00:00:00+00:00","dateModified":"2021-05-17T09:34:32+00:00","mainEntityOfPage":{"@id":"https:\/\/www.meine-awi.de\/awi-aktuell\/pressen\/b4b-schwaben-schwerpunkt-steuern-wirtschaft-recht\/"},"wordCount":66,"publisher":{"@id":"https:\/\/www.meine-awi.de\/awi-aktuell\/#organization"},"image":{"@id":"https:\/\/www.meine-awi.de\/awi-aktuell\/pressen\/b4b-schwaben-schwerpunkt-steuern-wirtschaft-recht\/#primaryimage"},"thumbnailUrl":"https:\/\/www.meine-awi.de\/awi-aktuell\/wp-content\/uploads\/sites\/6\/2014\/05\/baySchwWirtschaft-2014-gut-beraten.jpg","inLanguage":"de"},{"@type":"WebPage","@id":"https:\/\/www.meine-awi.de\/awi-aktuell\/pressen\/b4b-schwaben-schwerpunkt-steuern-wirtschaft-recht\/","url":"https:\/\/www.meine-awi.de\/awi-aktuell\/pressen\/b4b-schwaben-schwerpunkt-steuern-wirtschaft-recht\/","name":"Schwerpunkt Steuern - Wirtschaft - Recht | Aktuelle Steuerthemen Steuerberater &amp; Wirtschaftspr\u00fcfer Augsburg","isPartOf":{"@id":"https:\/\/www.meine-awi.de\/awi-aktuell\/#website"},"primaryImageOfPage":{"@id":"https:\/\/www.meine-awi.de\/awi-aktuell\/pressen\/b4b-schwaben-schwerpunkt-steuern-wirtschaft-recht\/#primaryimage"},"image":{"@id":"https:\/\/www.meine-awi.de\/awi-aktuell\/pressen\/b4b-schwaben-schwerpunkt-steuern-wirtschaft-recht\/#primaryimage"},"thumbnailUrl":"https:\/\/www.meine-awi.de\/awi-aktuell\/wp-content\/uploads\/sites\/6\/2014\/05\/baySchwWirtschaft-2014-gut-beraten.jpg","datePublished":"2014-05-02T00:00:00+00:00","dateModified":"2021-05-17T09:34:32+00:00","description":"Seit als 60 Jahren sind die Berater der\u00a0AWI TREUHAND\u00a0und Ihrer Gesellschaften als ausgewiesene Experten f\u00fcr steuer, Wirtschaft und Recht in Augsburg t\u00e4tig. Mit \u00fcber 50 Mitarbeiten betreut das interdisziplin\u00e4re AWI-Team Unternehmen jeder Gr\u00f6\u00dfe und Branche, Freuberufler, Unternehmer und Privatpersonen \u2013 auch \u00fcber die Grenzen der Region Augsburg hinaus.","breadcrumb":{"@id":"https:\/\/www.meine-awi.de\/awi-aktuell\/pressen\/b4b-schwaben-schwerpunkt-steuern-wirtschaft-recht\/#breadcrumb"},"inLanguage":"de","potentialAction":[{"@type":"ReadAction","target":["https:\/\/www.meine-awi.de\/awi-aktuell\/pressen\/b4b-schwaben-schwerpunkt-steuern-wirtschaft-recht\/"]}]},{"@type":"ImageObject","inLanguage":"de","@id":"https:\/\/www.meine-awi.de\/awi-aktuell\/pressen\/b4b-schwaben-schwerpunkt-steuern-wirtschaft-recht\/#primaryimage","url":"https:\/\/www.meine-awi.de\/awi-aktuell\/wp-content\/uploads\/sites\/6\/2014\/05\/baySchwWirtschaft-2014-gut-beraten.jpg","contentUrl":"https:\/\/www.meine-awi.de\/awi-aktuell\/wp-content\/uploads\/sites\/6\/2014\/05\/baySchwWirtschaft-2014-gut-beraten.jpg","width":1201,"height":1653},{"@type":"BreadcrumbList","@id":"https:\/\/www.meine-awi.de\/awi-aktuell\/pressen\/b4b-schwaben-schwerpunkt-steuern-wirtschaft-recht\/#breadcrumb","itemListElement":[{"@type":"ListItem","position":1,"name":"Home","item":"https:\/\/www.meine-awi.de\/awi-aktuell\/"},{"@type":"ListItem","position":2,"name":"Press","item":"https:\/\/www.meine-awi.de\/awi-aktuell\/pressen\/"},{"@type":"ListItem","position":3,"name":"Nachrichten Allgemeine","item":"https:\/\/www.meine-awi.de\/awi-aktuell\/nachricht-fur\/nachrichten-allgemeine\/"},{"@type":"ListItem","position":4,"name":"B4B Schwaben &#8211; Schwerpunkt Steuern &#8211; Wirtschaft &#8211; Recht"}]},{"@type":"WebSite","@id":"https:\/\/www.meine-awi.de\/awi-aktuell\/#website","url":"https:\/\/www.meine-awi.de\/awi-aktuell\/","name":"Aktuelle Steuerthemen Steuerberater &amp; Wirtschaftspr\u00fcfer Augsburg","description":"awi Wirtschaftskanzlei Augsburg","publisher":{"@id":"https:\/\/www.meine-awi.de\/awi-aktuell\/#organization"},"potentialAction":[{"@type":"SearchAction","target":{"@type":"EntryPoint","urlTemplate":"https:\/\/www.meine-awi.de\/awi-aktuell\/?s={search_term_string}"},"query-input":{"@type":"PropertyValueSpecification","valueRequired":true,"valueName":"search_term_string"}}],"inLanguage":"de"},{"@type":"Organization","@id":"https:\/\/www.meine-awi.de\/awi-aktuell\/#organization","name":"AWI TREUHAND","url":"https:\/\/www.meine-awi.de\/awi-aktuell\/","logo":{"@type":"ImageObject","inLanguage":"de","@id":"https:\/\/www.meine-awi.de\/awi-aktuell\/#\/schema\/logo\/image\/","url":"https:\/\/www.meine-awi.de\/awi-aktuell\/wp-content\/uploads\/sites\/6\/2020\/12\/AWI-LOGO-grande-senza-awi.png","contentUrl":"https:\/\/www.meine-awi.de\/awi-aktuell\/wp-content\/uploads\/sites\/6\/2020\/12\/AWI-LOGO-grande-senza-awi.png","width":497,"height":558,"caption":"AWI TREUHAND"},"image":{"@id":"https:\/\/www.meine-awi.de\/awi-aktuell\/#\/schema\/logo\/image\/"}},{"@type":"Person","@id":"https:\/\/www.meine-awi.de\/awi-aktuell\/#\/schema\/person\/8e0ee7c02c6bda92317e44d5ddd03914","name":"Ulrich Raab","image":{"@type":"ImageObject","inLanguage":"de","@id":"https:\/\/secure.gravatar.com\/avatar\/89ed04729c251f6cd0b257d75f3ea2fcdde2c462216ccf9d8ea47e348f7d678d?s=96&d=mm&r=g","url":"https:\/\/secure.gravatar.com\/avatar\/89ed04729c251f6cd0b257d75f3ea2fcdde2c462216ccf9d8ea47e348f7d678d?s=96&d=mm&r=g","contentUrl":"https:\/\/secure.gravatar.com\/avatar\/89ed04729c251f6cd0b257d75f3ea2fcdde2c462216ccf9d8ea47e348f7d678d?s=96&d=mm&r=g","caption":"Ulrich Raab"},"url":"https:\/\/www.meine-awi.de\/awi-aktuell\/author\/raab\/"}]}},"_links":{"self":[{"href":"https:\/\/www.meine-awi.de\/awi-aktuell\/wp-json\/wp\/v2\/pressen\/11292","targetHints":{"allow":["GET"]}}],"collection":[{"href":"https:\/\/www.meine-awi.de\/awi-aktuell\/wp-json\/wp\/v2\/pressen"}],"about":[{"href":"https:\/\/www.meine-awi.de\/awi-aktuell\/wp-json\/wp\/v2\/types\/pressen"}],"author":[{"embeddable":true,"href":"https:\/\/www.meine-awi.de\/awi-aktuell\/wp-json\/wp\/v2\/users\/2"}],"version-history":[{"count":0,"href":"https:\/\/www.meine-awi.de\/awi-aktuell\/wp-json\/wp\/v2\/pressen\/11292\/revisions"}],"wp:featuredmedia":[{"embeddable":true,"href":"https:\/\/www.meine-awi.de\/awi-aktuell\/wp-json\/wp\/v2\/media\/11478"}],"wp:attachment":[{"href":"https:\/\/www.meine-awi.de\/awi-aktuell\/wp-json\/wp\/v2\/media?parent=11292"}],"wp:term":[{"taxonomy":"nachricht-fur","embeddable":true,"href":"https:\/\/www.meine-awi.de\/awi-aktuell\/wp-json\/wp\/v2\/nachricht-fur?post=11292"},{"taxonomy":"wo-soll-es-gezeigt-werden","embeddable":true,"href":"https:\/\/www.meine-awi.de\/awi-aktuell\/wp-json\/wp\/v2\/wo-soll-es-gezeigt-werden?post=11292"}],"curies":[{"name":"wp","href":"https:\/\/api.w.org\/{rel}","templated":true}]}}