{"id":11288,"date":"2014-05-01T00:00:00","date_gmt":"2014-05-01T00:00:00","guid":{"rendered":"https:\/\/www.meine-awi.de\/awi-aktuell\/?post_type=pressen&#038;p=11288"},"modified":"2021-05-17T11:29:06","modified_gmt":"2021-05-17T09:29:06","slug":"b4b-schwaben-wirtschaftspruefer-eher-fluch-oder-segen","status":"publish","type":"pressen","link":"https:\/\/www.meine-awi.de\/awi-aktuell\/pressen\/b4b-schwaben-wirtschaftspruefer-eher-fluch-oder-segen\/","title":{"rendered":"B4B Schwaben &#8211; Wirtschaftspr\u00fcfer &#8211; eher Fluch oder Segen?"},"content":{"rendered":"<p><strong>Ein Bericht \u00fcber das Berufsbild des Wirtschaftspr\u00fcfers.<\/strong><\/p>\n<p>F\u00fcr viele ist der Begriff des Wirtschaftspr\u00fcfers negativ belegt. Er Erinnert die meisten von uns entfernt an staatliche Kontrolle und \u00dcberwachung. Man verbindet damit diffuse schn\u00fcffele! Von besserwisserischen Schreibtischt\u00e4tern in grauen Anz\u00fcgen ohne Bezug zum Unternehmen. Dem ist aber nicht so. Der Wirtschaftspr\u00fcfer ist keine Beh\u00f6rde. Er handelt im Auftrag seines Kunden.<\/p>\n","protected":false},"excerpt":{"rendered":"<p>Ein Bericht \u00fcber das Berufsbild des Wirtschaftspr\u00fcfers. F\u00fcr viele ist der Begriff des Wirtschaftspr\u00fcfers negativ belegt. Er Erinnert die meisten von uns entfernt an staatliche Kontrolle und \u00dcberwachung. Man verbindet damit diffuse schn\u00fcffele! Von besserwisserischen Schreibtischt\u00e4tern in grauen Anz\u00fcgen ohne Bezug zum Unternehmen. Dem ist aber nicht so. Der Wirtschaftspr\u00fcfer ist keine Beh\u00f6rde. Er handelt [&hellip;]<\/p>\n","protected":false},"author":2,"featured_media":11475,"template":"","nachricht-fur":[125],"wo-soll-es-gezeigt-werden":[],"class_list":["post-11288","pressen","type-pressen","status-publish","has-post-thumbnail","hentry","nachricht-fur-karriere"],"yoast_head":"<!-- This site is optimized with the Yoast SEO Premium plugin v27.2 (Yoast SEO v27.5) - https:\/\/yoast.com\/product\/yoast-seo-premium-wordpress\/ -->\n<title>B4B Schwaben - Wirtschaftspr\u00fcfer - eher Fluch oder Segen? | Aktuelle Steuerthemen Steuerberater &amp; Wirtschaftspr\u00fcfer Augsburg<\/title>\n<meta name=\"description\" content=\"F\u00fcr viele ist der Begriff des Wirtschaftspr\u00fcfers negativ belegt. Er Erinnert die meisten von uns entfernt an staatliche Kontrolle und \u00dcberwachung.\" \/>\n<meta name=\"robots\" content=\"index, follow, max-snippet:-1, max-image-preview:large, max-video-preview:-1\" \/>\n<link rel=\"canonical\" href=\"https:\/\/www.meine-awi.de\/awi-aktuell\/pressen\/b4b-schwaben-wirtschaftspruefer-eher-fluch-oder-segen\/\" \/>\n<meta property=\"og:locale\" content=\"de_DE\" \/>\n<meta property=\"og:type\" content=\"article\" \/>\n<meta property=\"og:title\" content=\"B4B Schwaben - Wirtschaftspr\u00fcfer - eher Fluch oder Segen?\" \/>\n<meta property=\"og:description\" content=\"Ein Bericht \u00fcber das Berufsbild des Wirtschaftspr\u00fcfers. F\u00fcr viele ist der Begriff des Wirtschaftspr\u00fcfers negativ belegt. Er Erinnert die meisten von uns\" \/>\n<meta property=\"og:url\" content=\"https:\/\/www.meine-awi.de\/awi-aktuell\/pressen\/b4b-schwaben-wirtschaftspruefer-eher-fluch-oder-segen\/\" \/>\n<meta property=\"og:site_name\" content=\"Aktuelle Steuerthemen Steuerberater &amp; Wirtschaftspr\u00fcfer Augsburg\" \/>\n<meta property=\"article:modified_time\" content=\"2021-05-17T09:29:06+00:00\" \/>\n<meta property=\"og:image\" content=\"https:\/\/www.meine-awi.de\/awi-aktuell\/wp-content\/uploads\/sites\/6\/2014\/05\/baySchwWirtschaft-2014-WP-1.jpg\" \/>\n\t<meta property=\"og:image:width\" content=\"1235\" \/>\n\t<meta property=\"og:image:height\" content=\"1537\" \/>\n\t<meta property=\"og:image:type\" content=\"image\/jpeg\" \/>\n<meta name=\"twitter:card\" content=\"summary_large_image\" \/>\n<meta name=\"twitter:label1\" content=\"Gesch\u00e4tzte Lesezeit\" \/>\n\t<meta name=\"twitter:data1\" content=\"1\u00a0Minute\" \/>\n<script type=\"application\/ld+json\" class=\"yoast-schema-graph\">{\"@context\":\"https:\\\/\\\/schema.org\",\"@graph\":[{\"@type\":\"NewsArticle\",\"@id\":\"https:\\\/\\\/www.meine-awi.de\\\/awi-aktuell\\\/pressen\\\/b4b-schwaben-wirtschaftspruefer-eher-fluch-oder-segen\\\/#article\",\"isPartOf\":{\"@id\":\"https:\\\/\\\/www.meine-awi.de\\\/awi-aktuell\\\/pressen\\\/b4b-schwaben-wirtschaftspruefer-eher-fluch-oder-segen\\\/\"},\"author\":{\"name\":\"Ulrich Raab\",\"@id\":\"https:\\\/\\\/www.meine-awi.de\\\/awi-aktuell\\\/#\\\/schema\\\/person\\\/8e0ee7c02c6bda92317e44d5ddd03914\"},\"headline\":\"B4B Schwaben &#8211; Wirtschaftspr\u00fcfer &#8211; eher Fluch oder Segen?\",\"datePublished\":\"2014-05-01T00:00:00+00:00\",\"dateModified\":\"2021-05-17T09:29:06+00:00\",\"mainEntityOfPage\":{\"@id\":\"https:\\\/\\\/www.meine-awi.de\\\/awi-aktuell\\\/pressen\\\/b4b-schwaben-wirtschaftspruefer-eher-fluch-oder-segen\\\/\"},\"wordCount\":78,\"publisher\":{\"@id\":\"https:\\\/\\\/www.meine-awi.de\\\/awi-aktuell\\\/#organization\"},\"image\":{\"@id\":\"https:\\\/\\\/www.meine-awi.de\\\/awi-aktuell\\\/pressen\\\/b4b-schwaben-wirtschaftspruefer-eher-fluch-oder-segen\\\/#primaryimage\"},\"thumbnailUrl\":\"https:\\\/\\\/www.meine-awi.de\\\/awi-aktuell\\\/wp-content\\\/uploads\\\/sites\\\/6\\\/2014\\\/05\\\/baySchwWirtschaft-2014-WP-1.jpg\",\"inLanguage\":\"de\"},{\"@type\":\"WebPage\",\"@id\":\"https:\\\/\\\/www.meine-awi.de\\\/awi-aktuell\\\/pressen\\\/b4b-schwaben-wirtschaftspruefer-eher-fluch-oder-segen\\\/\",\"url\":\"https:\\\/\\\/www.meine-awi.de\\\/awi-aktuell\\\/pressen\\\/b4b-schwaben-wirtschaftspruefer-eher-fluch-oder-segen\\\/\",\"name\":\"B4B Schwaben - Wirtschaftspr\u00fcfer - eher Fluch oder Segen? | Aktuelle Steuerthemen Steuerberater &amp; Wirtschaftspr\u00fcfer Augsburg\",\"isPartOf\":{\"@id\":\"https:\\\/\\\/www.meine-awi.de\\\/awi-aktuell\\\/#website\"},\"primaryImageOfPage\":{\"@id\":\"https:\\\/\\\/www.meine-awi.de\\\/awi-aktuell\\\/pressen\\\/b4b-schwaben-wirtschaftspruefer-eher-fluch-oder-segen\\\/#primaryimage\"},\"image\":{\"@id\":\"https:\\\/\\\/www.meine-awi.de\\\/awi-aktuell\\\/pressen\\\/b4b-schwaben-wirtschaftspruefer-eher-fluch-oder-segen\\\/#primaryimage\"},\"thumbnailUrl\":\"https:\\\/\\\/www.meine-awi.de\\\/awi-aktuell\\\/wp-content\\\/uploads\\\/sites\\\/6\\\/2014\\\/05\\\/baySchwWirtschaft-2014-WP-1.jpg\",\"datePublished\":\"2014-05-01T00:00:00+00:00\",\"dateModified\":\"2021-05-17T09:29:06+00:00\",\"description\":\"F\u00fcr viele ist der Begriff des Wirtschaftspr\u00fcfers negativ belegt. Er Erinnert die meisten von uns entfernt an staatliche Kontrolle und \u00dcberwachung.\",\"breadcrumb\":{\"@id\":\"https:\\\/\\\/www.meine-awi.de\\\/awi-aktuell\\\/pressen\\\/b4b-schwaben-wirtschaftspruefer-eher-fluch-oder-segen\\\/#breadcrumb\"},\"inLanguage\":\"de\",\"potentialAction\":[{\"@type\":\"ReadAction\",\"target\":[\"https:\\\/\\\/www.meine-awi.de\\\/awi-aktuell\\\/pressen\\\/b4b-schwaben-wirtschaftspruefer-eher-fluch-oder-segen\\\/\"]}]},{\"@type\":\"ImageObject\",\"inLanguage\":\"de\",\"@id\":\"https:\\\/\\\/www.meine-awi.de\\\/awi-aktuell\\\/pressen\\\/b4b-schwaben-wirtschaftspruefer-eher-fluch-oder-segen\\\/#primaryimage\",\"url\":\"https:\\\/\\\/www.meine-awi.de\\\/awi-aktuell\\\/wp-content\\\/uploads\\\/sites\\\/6\\\/2014\\\/05\\\/baySchwWirtschaft-2014-WP-1.jpg\",\"contentUrl\":\"https:\\\/\\\/www.meine-awi.de\\\/awi-aktuell\\\/wp-content\\\/uploads\\\/sites\\\/6\\\/2014\\\/05\\\/baySchwWirtschaft-2014-WP-1.jpg\",\"width\":1235,\"height\":1537,\"caption\":\"Wirtschaftspr\u00fcfer eher Flucht oder Segen\"},{\"@type\":\"BreadcrumbList\",\"@id\":\"https:\\\/\\\/www.meine-awi.de\\\/awi-aktuell\\\/pressen\\\/b4b-schwaben-wirtschaftspruefer-eher-fluch-oder-segen\\\/#breadcrumb\",\"itemListElement\":[{\"@type\":\"ListItem\",\"position\":1,\"name\":\"Home\",\"item\":\"https:\\\/\\\/www.meine-awi.de\\\/awi-aktuell\\\/\"},{\"@type\":\"ListItem\",\"position\":2,\"name\":\"Press\",\"item\":\"https:\\\/\\\/www.meine-awi.de\\\/awi-aktuell\\\/pressen\\\/\"},{\"@type\":\"ListItem\",\"position\":3,\"name\":\"Karriere\",\"item\":\"https:\\\/\\\/www.meine-awi.de\\\/awi-aktuell\\\/nachricht-fur\\\/karriere\\\/\"},{\"@type\":\"ListItem\",\"position\":4,\"name\":\"B4B Schwaben &#8211; Wirtschaftspr\u00fcfer &#8211; eher Fluch oder Segen?\"}]},{\"@type\":\"WebSite\",\"@id\":\"https:\\\/\\\/www.meine-awi.de\\\/awi-aktuell\\\/#website\",\"url\":\"https:\\\/\\\/www.meine-awi.de\\\/awi-aktuell\\\/\",\"name\":\"Aktuelle Steuerthemen Steuerberater &amp; Wirtschaftspr\u00fcfer Augsburg\",\"description\":\"awi Wirtschaftskanzlei Augsburg\",\"publisher\":{\"@id\":\"https:\\\/\\\/www.meine-awi.de\\\/awi-aktuell\\\/#organization\"},\"potentialAction\":[{\"@type\":\"SearchAction\",\"target\":{\"@type\":\"EntryPoint\",\"urlTemplate\":\"https:\\\/\\\/www.meine-awi.de\\\/awi-aktuell\\\/?s={search_term_string}\"},\"query-input\":{\"@type\":\"PropertyValueSpecification\",\"valueRequired\":true,\"valueName\":\"search_term_string\"}}],\"inLanguage\":\"de\"},{\"@type\":\"Organization\",\"@id\":\"https:\\\/\\\/www.meine-awi.de\\\/awi-aktuell\\\/#organization\",\"name\":\"AWI TREUHAND\",\"url\":\"https:\\\/\\\/www.meine-awi.de\\\/awi-aktuell\\\/\",\"logo\":{\"@type\":\"ImageObject\",\"inLanguage\":\"de\",\"@id\":\"https:\\\/\\\/www.meine-awi.de\\\/awi-aktuell\\\/#\\\/schema\\\/logo\\\/image\\\/\",\"url\":\"https:\\\/\\\/www.meine-awi.de\\\/awi-aktuell\\\/wp-content\\\/uploads\\\/sites\\\/6\\\/2020\\\/12\\\/AWI-LOGO-grande-senza-awi.png\",\"contentUrl\":\"https:\\\/\\\/www.meine-awi.de\\\/awi-aktuell\\\/wp-content\\\/uploads\\\/sites\\\/6\\\/2020\\\/12\\\/AWI-LOGO-grande-senza-awi.png\",\"width\":497,\"height\":558,\"caption\":\"AWI TREUHAND\"},\"image\":{\"@id\":\"https:\\\/\\\/www.meine-awi.de\\\/awi-aktuell\\\/#\\\/schema\\\/logo\\\/image\\\/\"}},{\"@type\":\"Person\",\"@id\":\"https:\\\/\\\/www.meine-awi.de\\\/awi-aktuell\\\/#\\\/schema\\\/person\\\/8e0ee7c02c6bda92317e44d5ddd03914\",\"name\":\"Ulrich Raab\",\"image\":{\"@type\":\"ImageObject\",\"inLanguage\":\"de\",\"@id\":\"https:\\\/\\\/secure.gravatar.com\\\/avatar\\\/89ed04729c251f6cd0b257d75f3ea2fcdde2c462216ccf9d8ea47e348f7d678d?s=96&d=mm&r=g\",\"url\":\"https:\\\/\\\/secure.gravatar.com\\\/avatar\\\/89ed04729c251f6cd0b257d75f3ea2fcdde2c462216ccf9d8ea47e348f7d678d?s=96&d=mm&r=g\",\"contentUrl\":\"https:\\\/\\\/secure.gravatar.com\\\/avatar\\\/89ed04729c251f6cd0b257d75f3ea2fcdde2c462216ccf9d8ea47e348f7d678d?s=96&d=mm&r=g\",\"caption\":\"Ulrich Raab\"},\"url\":\"https:\\\/\\\/www.meine-awi.de\\\/awi-aktuell\\\/author\\\/raab\\\/\"}]}<\/script>\n<!-- \/ Yoast SEO Premium plugin. -->","yoast_head_json":{"title":"B4B Schwaben - Wirtschaftspr\u00fcfer - eher Fluch oder Segen? | Aktuelle Steuerthemen Steuerberater &amp; Wirtschaftspr\u00fcfer Augsburg","description":"F\u00fcr viele ist der Begriff des Wirtschaftspr\u00fcfers negativ belegt. Er Erinnert die meisten von uns entfernt an staatliche Kontrolle und \u00dcberwachung.","robots":{"index":"index","follow":"follow","max-snippet":"max-snippet:-1","max-image-preview":"max-image-preview:large","max-video-preview":"max-video-preview:-1"},"canonical":"https:\/\/www.meine-awi.de\/awi-aktuell\/pressen\/b4b-schwaben-wirtschaftspruefer-eher-fluch-oder-segen\/","og_locale":"de_DE","og_type":"article","og_title":"B4B Schwaben - Wirtschaftspr\u00fcfer - eher Fluch oder Segen?","og_description":"Ein Bericht \u00fcber das Berufsbild des Wirtschaftspr\u00fcfers. F\u00fcr viele ist der Begriff des Wirtschaftspr\u00fcfers negativ belegt. Er Erinnert die meisten von uns","og_url":"https:\/\/www.meine-awi.de\/awi-aktuell\/pressen\/b4b-schwaben-wirtschaftspruefer-eher-fluch-oder-segen\/","og_site_name":"Aktuelle Steuerthemen Steuerberater &amp; Wirtschaftspr\u00fcfer Augsburg","article_modified_time":"2021-05-17T09:29:06+00:00","og_image":[{"width":1235,"height":1537,"url":"https:\/\/www.meine-awi.de\/awi-aktuell\/wp-content\/uploads\/sites\/6\/2014\/05\/baySchwWirtschaft-2014-WP-1.jpg","type":"image\/jpeg"}],"twitter_card":"summary_large_image","twitter_misc":{"Gesch\u00e4tzte Lesezeit":"1\u00a0Minute"},"schema":{"@context":"https:\/\/schema.org","@graph":[{"@type":"NewsArticle","@id":"https:\/\/www.meine-awi.de\/awi-aktuell\/pressen\/b4b-schwaben-wirtschaftspruefer-eher-fluch-oder-segen\/#article","isPartOf":{"@id":"https:\/\/www.meine-awi.de\/awi-aktuell\/pressen\/b4b-schwaben-wirtschaftspruefer-eher-fluch-oder-segen\/"},"author":{"name":"Ulrich Raab","@id":"https:\/\/www.meine-awi.de\/awi-aktuell\/#\/schema\/person\/8e0ee7c02c6bda92317e44d5ddd03914"},"headline":"B4B Schwaben &#8211; Wirtschaftspr\u00fcfer &#8211; eher Fluch oder Segen?","datePublished":"2014-05-01T00:00:00+00:00","dateModified":"2021-05-17T09:29:06+00:00","mainEntityOfPage":{"@id":"https:\/\/www.meine-awi.de\/awi-aktuell\/pressen\/b4b-schwaben-wirtschaftspruefer-eher-fluch-oder-segen\/"},"wordCount":78,"publisher":{"@id":"https:\/\/www.meine-awi.de\/awi-aktuell\/#organization"},"image":{"@id":"https:\/\/www.meine-awi.de\/awi-aktuell\/pressen\/b4b-schwaben-wirtschaftspruefer-eher-fluch-oder-segen\/#primaryimage"},"thumbnailUrl":"https:\/\/www.meine-awi.de\/awi-aktuell\/wp-content\/uploads\/sites\/6\/2014\/05\/baySchwWirtschaft-2014-WP-1.jpg","inLanguage":"de"},{"@type":"WebPage","@id":"https:\/\/www.meine-awi.de\/awi-aktuell\/pressen\/b4b-schwaben-wirtschaftspruefer-eher-fluch-oder-segen\/","url":"https:\/\/www.meine-awi.de\/awi-aktuell\/pressen\/b4b-schwaben-wirtschaftspruefer-eher-fluch-oder-segen\/","name":"B4B Schwaben - Wirtschaftspr\u00fcfer - eher Fluch oder Segen? | Aktuelle Steuerthemen Steuerberater &amp; Wirtschaftspr\u00fcfer Augsburg","isPartOf":{"@id":"https:\/\/www.meine-awi.de\/awi-aktuell\/#website"},"primaryImageOfPage":{"@id":"https:\/\/www.meine-awi.de\/awi-aktuell\/pressen\/b4b-schwaben-wirtschaftspruefer-eher-fluch-oder-segen\/#primaryimage"},"image":{"@id":"https:\/\/www.meine-awi.de\/awi-aktuell\/pressen\/b4b-schwaben-wirtschaftspruefer-eher-fluch-oder-segen\/#primaryimage"},"thumbnailUrl":"https:\/\/www.meine-awi.de\/awi-aktuell\/wp-content\/uploads\/sites\/6\/2014\/05\/baySchwWirtschaft-2014-WP-1.jpg","datePublished":"2014-05-01T00:00:00+00:00","dateModified":"2021-05-17T09:29:06+00:00","description":"F\u00fcr viele ist der Begriff des Wirtschaftspr\u00fcfers negativ belegt. Er Erinnert die meisten von uns entfernt an staatliche Kontrolle und \u00dcberwachung.","breadcrumb":{"@id":"https:\/\/www.meine-awi.de\/awi-aktuell\/pressen\/b4b-schwaben-wirtschaftspruefer-eher-fluch-oder-segen\/#breadcrumb"},"inLanguage":"de","potentialAction":[{"@type":"ReadAction","target":["https:\/\/www.meine-awi.de\/awi-aktuell\/pressen\/b4b-schwaben-wirtschaftspruefer-eher-fluch-oder-segen\/"]}]},{"@type":"ImageObject","inLanguage":"de","@id":"https:\/\/www.meine-awi.de\/awi-aktuell\/pressen\/b4b-schwaben-wirtschaftspruefer-eher-fluch-oder-segen\/#primaryimage","url":"https:\/\/www.meine-awi.de\/awi-aktuell\/wp-content\/uploads\/sites\/6\/2014\/05\/baySchwWirtschaft-2014-WP-1.jpg","contentUrl":"https:\/\/www.meine-awi.de\/awi-aktuell\/wp-content\/uploads\/sites\/6\/2014\/05\/baySchwWirtschaft-2014-WP-1.jpg","width":1235,"height":1537,"caption":"Wirtschaftspr\u00fcfer eher Flucht oder Segen"},{"@type":"BreadcrumbList","@id":"https:\/\/www.meine-awi.de\/awi-aktuell\/pressen\/b4b-schwaben-wirtschaftspruefer-eher-fluch-oder-segen\/#breadcrumb","itemListElement":[{"@type":"ListItem","position":1,"name":"Home","item":"https:\/\/www.meine-awi.de\/awi-aktuell\/"},{"@type":"ListItem","position":2,"name":"Press","item":"https:\/\/www.meine-awi.de\/awi-aktuell\/pressen\/"},{"@type":"ListItem","position":3,"name":"Karriere","item":"https:\/\/www.meine-awi.de\/awi-aktuell\/nachricht-fur\/karriere\/"},{"@type":"ListItem","position":4,"name":"B4B Schwaben &#8211; Wirtschaftspr\u00fcfer &#8211; eher Fluch oder Segen?"}]},{"@type":"WebSite","@id":"https:\/\/www.meine-awi.de\/awi-aktuell\/#website","url":"https:\/\/www.meine-awi.de\/awi-aktuell\/","name":"Aktuelle Steuerthemen Steuerberater &amp; Wirtschaftspr\u00fcfer Augsburg","description":"awi Wirtschaftskanzlei Augsburg","publisher":{"@id":"https:\/\/www.meine-awi.de\/awi-aktuell\/#organization"},"potentialAction":[{"@type":"SearchAction","target":{"@type":"EntryPoint","urlTemplate":"https:\/\/www.meine-awi.de\/awi-aktuell\/?s={search_term_string}"},"query-input":{"@type":"PropertyValueSpecification","valueRequired":true,"valueName":"search_term_string"}}],"inLanguage":"de"},{"@type":"Organization","@id":"https:\/\/www.meine-awi.de\/awi-aktuell\/#organization","name":"AWI TREUHAND","url":"https:\/\/www.meine-awi.de\/awi-aktuell\/","logo":{"@type":"ImageObject","inLanguage":"de","@id":"https:\/\/www.meine-awi.de\/awi-aktuell\/#\/schema\/logo\/image\/","url":"https:\/\/www.meine-awi.de\/awi-aktuell\/wp-content\/uploads\/sites\/6\/2020\/12\/AWI-LOGO-grande-senza-awi.png","contentUrl":"https:\/\/www.meine-awi.de\/awi-aktuell\/wp-content\/uploads\/sites\/6\/2020\/12\/AWI-LOGO-grande-senza-awi.png","width":497,"height":558,"caption":"AWI TREUHAND"},"image":{"@id":"https:\/\/www.meine-awi.de\/awi-aktuell\/#\/schema\/logo\/image\/"}},{"@type":"Person","@id":"https:\/\/www.meine-awi.de\/awi-aktuell\/#\/schema\/person\/8e0ee7c02c6bda92317e44d5ddd03914","name":"Ulrich Raab","image":{"@type":"ImageObject","inLanguage":"de","@id":"https:\/\/secure.gravatar.com\/avatar\/89ed04729c251f6cd0b257d75f3ea2fcdde2c462216ccf9d8ea47e348f7d678d?s=96&d=mm&r=g","url":"https:\/\/secure.gravatar.com\/avatar\/89ed04729c251f6cd0b257d75f3ea2fcdde2c462216ccf9d8ea47e348f7d678d?s=96&d=mm&r=g","contentUrl":"https:\/\/secure.gravatar.com\/avatar\/89ed04729c251f6cd0b257d75f3ea2fcdde2c462216ccf9d8ea47e348f7d678d?s=96&d=mm&r=g","caption":"Ulrich Raab"},"url":"https:\/\/www.meine-awi.de\/awi-aktuell\/author\/raab\/"}]}},"_links":{"self":[{"href":"https:\/\/www.meine-awi.de\/awi-aktuell\/wp-json\/wp\/v2\/pressen\/11288","targetHints":{"allow":["GET"]}}],"collection":[{"href":"https:\/\/www.meine-awi.de\/awi-aktuell\/wp-json\/wp\/v2\/pressen"}],"about":[{"href":"https:\/\/www.meine-awi.de\/awi-aktuell\/wp-json\/wp\/v2\/types\/pressen"}],"author":[{"embeddable":true,"href":"https:\/\/www.meine-awi.de\/awi-aktuell\/wp-json\/wp\/v2\/users\/2"}],"version-history":[{"count":0,"href":"https:\/\/www.meine-awi.de\/awi-aktuell\/wp-json\/wp\/v2\/pressen\/11288\/revisions"}],"wp:featuredmedia":[{"embeddable":true,"href":"https:\/\/www.meine-awi.de\/awi-aktuell\/wp-json\/wp\/v2\/media\/11475"}],"wp:attachment":[{"href":"https:\/\/www.meine-awi.de\/awi-aktuell\/wp-json\/wp\/v2\/media?parent=11288"}],"wp:term":[{"taxonomy":"nachricht-fur","embeddable":true,"href":"https:\/\/www.meine-awi.de\/awi-aktuell\/wp-json\/wp\/v2\/nachricht-fur?post=11288"},{"taxonomy":"wo-soll-es-gezeigt-werden","embeddable":true,"href":"https:\/\/www.meine-awi.de\/awi-aktuell\/wp-json\/wp\/v2\/wo-soll-es-gezeigt-werden?post=11288"}],"curies":[{"name":"wp","href":"https:\/\/api.w.org\/{rel}","templated":true}]}}