{"id":10023,"date":"2019-06-30T00:00:00","date_gmt":"2019-06-29T22:00:00","guid":{"rendered":"https:\/\/www.meine-awi.de\/awi-aktuell\/?post_type=nachricht&#038;p=10023"},"modified":"2021-03-05T19:58:47","modified_gmt":"2021-03-05T18:58:47","slug":"projekt-deckel-drauf-500-deckel-fuer-ein-leben-ohne-polio-zu-ende","status":"publish","type":"pressen","link":"https:\/\/www.meine-awi.de\/awi-aktuell\/pressen\/projekt-deckel-drauf-500-deckel-fuer-ein-leben-ohne-polio-zu-ende\/","title":{"rendered":"PROJEKT &#8220;DECKEL DRAUF \u2013 500 DECKEL F\u00dcR EIN LEBEN OHNE POLIO&#8221; ZU ENDE"},"content":{"rendered":"<p>Am 30. Juni 2019 ging das rotarische Projekt Deckel drauf \u2013 500 Deckel f\u00fcr ein Leben ohne Polio zu Ende. Die letzten zwei S\u00e4cke \u00fcbergab uns die Reischlesche Wirtschaftsschule aus Augsburg, der wir stellvertretend f\u00fcr alle, die das Projekt w\u00e4hrend der vergangenen zwei Jahre begleitet und unterst\u00fctzt haben, herzlich danken. Viele Unterst\u00fctzer, darunter Schulen, Vereine, Unternehmen und Privatpersonen brachten die gesammelten Deckel in unsere Kanzlei am Ernst-Reuter-Platz. Durch die Wiederverwertung des Kunststoffs konnten rund 1.500 Impfungen gegen Kinderl\u00e4hmung finanziert werden. Zudem verdreifachte die Bill &amp; Melinda Gates Stiftung die im Kampf gegen Polio erwirtschafteten Gelder, sodass wir mit diesem Projekt gemeinsam 4.500 Leben ohne Polio erm\u00f6glichen konnten.<\/p>\n","protected":false},"excerpt":{"rendered":"<p>Am 30. Juni 2019 ging das rotarische Projekt Deckel drauf \u2013 500 Deckel f\u00fcr ein Leben ohne Polio zu Ende. Die letzten zwei S\u00e4cke \u00fcbergab uns die Reischlesche Wirtschaftsschule aus Augsburg, der wir stellvertretend f\u00fcr alle, die das Projekt w\u00e4hrend der vergangenen zwei Jahre begleitet und unterst\u00fctzt haben, herzlich danken. Viele Unterst\u00fctzer, darunter Schulen, Vereine, [&hellip;]<\/p>\n","protected":false},"author":4,"featured_media":5481,"template":"","nachricht-fur":[124],"wo-soll-es-gezeigt-werden":[],"class_list":["post-10023","pressen","type-pressen","status-publish","has-post-thumbnail","hentry","nachricht-fur-awi-welt"],"yoast_head":"<!-- This site is optimized with the Yoast SEO Premium plugin v27.2 (Yoast SEO v27.5) - https:\/\/yoast.com\/product\/yoast-seo-premium-wordpress\/ -->\n<title>PROJEKT &quot;DECKEL DRAUF \u2013 500 DECKEL F\u00dcR EIN LEBEN OHNE POLIO&quot; ZU ENDE | Aktuelle Steuerthemen Steuerberater &amp; Wirtschaftspr\u00fcfer Augsburg %<\/title>\n<meta name=\"description\" content=\"Am 30. Juni 2019 ging das rotarische Projekt Deckel drauf \u2013 500 Deckel f\u00fcr ein Leben ohne Polio zu Ende. Die letzten zwei S\u00e4cke \u00fcbergab uns die Reischlesche Wirtschaftsschule aus Augsburg, der wir stellvertretend f\u00fcr alle, die das Projekt w\u00e4hrend der vergangenen zwei Jahre begleitet und unterst\u00fctzt haben, herzlich danken. Viele\" \/>\n<meta name=\"robots\" content=\"index, follow, max-snippet:-1, max-image-preview:large, max-video-preview:-1\" \/>\n<link rel=\"canonical\" href=\"https:\/\/www.meine-awi.de\/awi-aktuell\/pressen\/projekt-deckel-drauf-500-deckel-fuer-ein-leben-ohne-polio-zu-ende\/\" \/>\n<meta property=\"og:locale\" content=\"de_DE\" \/>\n<meta property=\"og:type\" content=\"article\" \/>\n<meta property=\"og:title\" content=\"PROJEKT &quot;DECKEL DRAUF \u2013 500 DECKEL F\u00dcR EIN LEBEN OHNE POLIO&quot; ZU ENDE\" \/>\n<meta property=\"og:description\" content=\"Am 30. Juni 2019 ging das rotarische Projekt Deckel drauf \u2013 500 Deckel f\u00fcr ein Leben ohne Polio zu Ende. Die letzten zwei S\u00e4cke \u00fcbergab uns die\" \/>\n<meta property=\"og:url\" content=\"https:\/\/www.meine-awi.de\/awi-aktuell\/pressen\/projekt-deckel-drauf-500-deckel-fuer-ein-leben-ohne-polio-zu-ende\/\" \/>\n<meta property=\"og:site_name\" content=\"Aktuelle Steuerthemen Steuerberater &amp; Wirtschaftspr\u00fcfer Augsburg\" \/>\n<meta property=\"article:modified_time\" content=\"2021-03-05T18:58:47+00:00\" \/>\n<meta property=\"og:image\" content=\"https:\/\/www.meine-awi.de\/awi-aktuell\/wp-content\/uploads\/sites\/6\/2020\/09\/Deckel-drauf-Stand-Juni-2019.png\" \/>\n\t<meta property=\"og:image:width\" content=\"1283\" \/>\n\t<meta property=\"og:image:height\" content=\"832\" \/>\n\t<meta property=\"og:image:type\" content=\"image\/png\" \/>\n<meta name=\"twitter:card\" content=\"summary_large_image\" \/>\n<meta name=\"twitter:title\" content=\"%\" \/>\n<meta name=\"twitter:label1\" content=\"Gesch\u00e4tzte Lesezeit\" \/>\n\t<meta name=\"twitter:data1\" content=\"1\u00a0Minute\" \/>\n<script type=\"application\/ld+json\" class=\"yoast-schema-graph\">{\"@context\":\"https:\\\/\\\/schema.org\",\"@graph\":[{\"@type\":\"NewsArticle\",\"@id\":\"https:\\\/\\\/www.meine-awi.de\\\/awi-aktuell\\\/pressen\\\/projekt-deckel-drauf-500-deckel-fuer-ein-leben-ohne-polio-zu-ende\\\/#article\",\"isPartOf\":{\"@id\":\"https:\\\/\\\/www.meine-awi.de\\\/awi-aktuell\\\/pressen\\\/projekt-deckel-drauf-500-deckel-fuer-ein-leben-ohne-polio-zu-ende\\\/\"},\"author\":{\"name\":\"Francesco Greco\",\"@id\":\"https:\\\/\\\/www.meine-awi.de\\\/awi-aktuell\\\/#\\\/schema\\\/person\\\/064d3056a748d391037cc560c58c4018\"},\"headline\":\"PROJEKT &#8220;DECKEL DRAUF \u2013 500 DECKEL F\u00dcR EIN LEBEN OHNE POLIO&#8221; ZU ENDE\",\"datePublished\":\"2019-06-29T22:00:00+00:00\",\"dateModified\":\"2021-03-05T18:58:47+00:00\",\"mainEntityOfPage\":{\"@id\":\"https:\\\/\\\/www.meine-awi.de\\\/awi-aktuell\\\/pressen\\\/projekt-deckel-drauf-500-deckel-fuer-ein-leben-ohne-polio-zu-ende\\\/\"},\"wordCount\":121,\"publisher\":{\"@id\":\"https:\\\/\\\/www.meine-awi.de\\\/awi-aktuell\\\/#organization\"},\"image\":{\"@id\":\"https:\\\/\\\/www.meine-awi.de\\\/awi-aktuell\\\/pressen\\\/projekt-deckel-drauf-500-deckel-fuer-ein-leben-ohne-polio-zu-ende\\\/#primaryimage\"},\"thumbnailUrl\":\"https:\\\/\\\/www.meine-awi.de\\\/awi-aktuell\\\/wp-content\\\/uploads\\\/sites\\\/6\\\/2020\\\/09\\\/Deckel-drauf-Stand-Juni-2019.png\",\"inLanguage\":\"de\"},{\"@type\":\"WebPage\",\"@id\":\"https:\\\/\\\/www.meine-awi.de\\\/awi-aktuell\\\/pressen\\\/projekt-deckel-drauf-500-deckel-fuer-ein-leben-ohne-polio-zu-ende\\\/\",\"url\":\"https:\\\/\\\/www.meine-awi.de\\\/awi-aktuell\\\/pressen\\\/projekt-deckel-drauf-500-deckel-fuer-ein-leben-ohne-polio-zu-ende\\\/\",\"name\":\"PROJEKT \\\"DECKEL DRAUF \u2013 500 DECKEL F\u00dcR EIN LEBEN OHNE POLIO\\\" ZU ENDE | Aktuelle Steuerthemen Steuerberater &amp; Wirtschaftspr\u00fcfer Augsburg %\",\"isPartOf\":{\"@id\":\"https:\\\/\\\/www.meine-awi.de\\\/awi-aktuell\\\/#website\"},\"primaryImageOfPage\":{\"@id\":\"https:\\\/\\\/www.meine-awi.de\\\/awi-aktuell\\\/pressen\\\/projekt-deckel-drauf-500-deckel-fuer-ein-leben-ohne-polio-zu-ende\\\/#primaryimage\"},\"image\":{\"@id\":\"https:\\\/\\\/www.meine-awi.de\\\/awi-aktuell\\\/pressen\\\/projekt-deckel-drauf-500-deckel-fuer-ein-leben-ohne-polio-zu-ende\\\/#primaryimage\"},\"thumbnailUrl\":\"https:\\\/\\\/www.meine-awi.de\\\/awi-aktuell\\\/wp-content\\\/uploads\\\/sites\\\/6\\\/2020\\\/09\\\/Deckel-drauf-Stand-Juni-2019.png\",\"datePublished\":\"2019-06-29T22:00:00+00:00\",\"dateModified\":\"2021-03-05T18:58:47+00:00\",\"description\":\"Am 30. Juni 2019 ging das rotarische Projekt Deckel drauf \u2013 500 Deckel f\u00fcr ein Leben ohne Polio zu Ende. Die letzten zwei S\u00e4cke \u00fcbergab uns die Reischlesche Wirtschaftsschule aus Augsburg, der wir stellvertretend f\u00fcr alle, die das Projekt w\u00e4hrend der vergangenen zwei Jahre begleitet und unterst\u00fctzt haben, herzlich danken. Viele\",\"breadcrumb\":{\"@id\":\"https:\\\/\\\/www.meine-awi.de\\\/awi-aktuell\\\/pressen\\\/projekt-deckel-drauf-500-deckel-fuer-ein-leben-ohne-polio-zu-ende\\\/#breadcrumb\"},\"inLanguage\":\"de\",\"potentialAction\":[{\"@type\":\"ReadAction\",\"target\":[\"https:\\\/\\\/www.meine-awi.de\\\/awi-aktuell\\\/pressen\\\/projekt-deckel-drauf-500-deckel-fuer-ein-leben-ohne-polio-zu-ende\\\/\"]}]},{\"@type\":\"ImageObject\",\"inLanguage\":\"de\",\"@id\":\"https:\\\/\\\/www.meine-awi.de\\\/awi-aktuell\\\/pressen\\\/projekt-deckel-drauf-500-deckel-fuer-ein-leben-ohne-polio-zu-ende\\\/#primaryimage\",\"url\":\"https:\\\/\\\/www.meine-awi.de\\\/awi-aktuell\\\/wp-content\\\/uploads\\\/sites\\\/6\\\/2020\\\/09\\\/Deckel-drauf-Stand-Juni-2019.png\",\"contentUrl\":\"https:\\\/\\\/www.meine-awi.de\\\/awi-aktuell\\\/wp-content\\\/uploads\\\/sites\\\/6\\\/2020\\\/09\\\/Deckel-drauf-Stand-Juni-2019.png\",\"width\":1283,\"height\":832},{\"@type\":\"BreadcrumbList\",\"@id\":\"https:\\\/\\\/www.meine-awi.de\\\/awi-aktuell\\\/pressen\\\/projekt-deckel-drauf-500-deckel-fuer-ein-leben-ohne-polio-zu-ende\\\/#breadcrumb\",\"itemListElement\":[{\"@type\":\"ListItem\",\"position\":1,\"name\":\"Home\",\"item\":\"https:\\\/\\\/www.meine-awi.de\\\/awi-aktuell\\\/\"},{\"@type\":\"ListItem\",\"position\":2,\"name\":\"Press\",\"item\":\"https:\\\/\\\/www.meine-awi.de\\\/awi-aktuell\\\/pressen\\\/\"},{\"@type\":\"ListItem\",\"position\":3,\"name\":\"AWI Welt\",\"item\":\"https:\\\/\\\/www.meine-awi.de\\\/awi-aktuell\\\/nachricht-fur\\\/awi-welt\\\/\"},{\"@type\":\"ListItem\",\"position\":4,\"name\":\"PROJEKT &#8220;DECKEL DRAUF \u2013 500 DECKEL F\u00dcR EIN LEBEN OHNE POLIO&#8221; ZU ENDE\"}]},{\"@type\":\"WebSite\",\"@id\":\"https:\\\/\\\/www.meine-awi.de\\\/awi-aktuell\\\/#website\",\"url\":\"https:\\\/\\\/www.meine-awi.de\\\/awi-aktuell\\\/\",\"name\":\"Aktuelle Steuerthemen Steuerberater &amp; Wirtschaftspr\u00fcfer Augsburg\",\"description\":\"awi Wirtschaftskanzlei Augsburg\",\"publisher\":{\"@id\":\"https:\\\/\\\/www.meine-awi.de\\\/awi-aktuell\\\/#organization\"},\"potentialAction\":[{\"@type\":\"SearchAction\",\"target\":{\"@type\":\"EntryPoint\",\"urlTemplate\":\"https:\\\/\\\/www.meine-awi.de\\\/awi-aktuell\\\/?s={search_term_string}\"},\"query-input\":{\"@type\":\"PropertyValueSpecification\",\"valueRequired\":true,\"valueName\":\"search_term_string\"}}],\"inLanguage\":\"de\"},{\"@type\":\"Organization\",\"@id\":\"https:\\\/\\\/www.meine-awi.de\\\/awi-aktuell\\\/#organization\",\"name\":\"AWI TREUHAND\",\"url\":\"https:\\\/\\\/www.meine-awi.de\\\/awi-aktuell\\\/\",\"logo\":{\"@type\":\"ImageObject\",\"inLanguage\":\"de\",\"@id\":\"https:\\\/\\\/www.meine-awi.de\\\/awi-aktuell\\\/#\\\/schema\\\/logo\\\/image\\\/\",\"url\":\"https:\\\/\\\/www.meine-awi.de\\\/awi-aktuell\\\/wp-content\\\/uploads\\\/sites\\\/6\\\/2020\\\/12\\\/AWI-LOGO-grande-senza-awi.png\",\"contentUrl\":\"https:\\\/\\\/www.meine-awi.de\\\/awi-aktuell\\\/wp-content\\\/uploads\\\/sites\\\/6\\\/2020\\\/12\\\/AWI-LOGO-grande-senza-awi.png\",\"width\":497,\"height\":558,\"caption\":\"AWI TREUHAND\"},\"image\":{\"@id\":\"https:\\\/\\\/www.meine-awi.de\\\/awi-aktuell\\\/#\\\/schema\\\/logo\\\/image\\\/\"}},{\"@type\":\"Person\",\"@id\":\"https:\\\/\\\/www.meine-awi.de\\\/awi-aktuell\\\/#\\\/schema\\\/person\\\/064d3056a748d391037cc560c58c4018\",\"name\":\"Francesco Greco\",\"image\":{\"@type\":\"ImageObject\",\"inLanguage\":\"de\",\"@id\":\"https:\\\/\\\/secure.gravatar.com\\\/avatar\\\/7fda85abd54f7f60b4b0d3ef18ad4f91937432ed15cc10830743704ca8d1bf3f?s=96&d=mm&r=g\",\"url\":\"https:\\\/\\\/secure.gravatar.com\\\/avatar\\\/7fda85abd54f7f60b4b0d3ef18ad4f91937432ed15cc10830743704ca8d1bf3f?s=96&d=mm&r=g\",\"contentUrl\":\"https:\\\/\\\/secure.gravatar.com\\\/avatar\\\/7fda85abd54f7f60b4b0d3ef18ad4f91937432ed15cc10830743704ca8d1bf3f?s=96&d=mm&r=g\",\"caption\":\"Francesco Greco\"},\"url\":\"https:\\\/\\\/www.meine-awi.de\\\/awi-aktuell\\\/author\\\/greco\\\/\"}]}<\/script>\n<!-- \/ Yoast SEO Premium plugin. -->","yoast_head_json":{"title":"PROJEKT \"DECKEL DRAUF \u2013 500 DECKEL F\u00dcR EIN LEBEN OHNE POLIO\" ZU ENDE | Aktuelle Steuerthemen Steuerberater &amp; Wirtschaftspr\u00fcfer Augsburg %","description":"Am 30. Juni 2019 ging das rotarische Projekt Deckel drauf \u2013 500 Deckel f\u00fcr ein Leben ohne Polio zu Ende. Die letzten zwei S\u00e4cke \u00fcbergab uns die Reischlesche Wirtschaftsschule aus Augsburg, der wir stellvertretend f\u00fcr alle, die das Projekt w\u00e4hrend der vergangenen zwei Jahre begleitet und unterst\u00fctzt haben, herzlich danken. Viele","robots":{"index":"index","follow":"follow","max-snippet":"max-snippet:-1","max-image-preview":"max-image-preview:large","max-video-preview":"max-video-preview:-1"},"canonical":"https:\/\/www.meine-awi.de\/awi-aktuell\/pressen\/projekt-deckel-drauf-500-deckel-fuer-ein-leben-ohne-polio-zu-ende\/","og_locale":"de_DE","og_type":"article","og_title":"PROJEKT \"DECKEL DRAUF \u2013 500 DECKEL F\u00dcR EIN LEBEN OHNE POLIO\" ZU ENDE","og_description":"Am 30. Juni 2019 ging das rotarische Projekt Deckel drauf \u2013 500 Deckel f\u00fcr ein Leben ohne Polio zu Ende. Die letzten zwei S\u00e4cke \u00fcbergab uns die","og_url":"https:\/\/www.meine-awi.de\/awi-aktuell\/pressen\/projekt-deckel-drauf-500-deckel-fuer-ein-leben-ohne-polio-zu-ende\/","og_site_name":"Aktuelle Steuerthemen Steuerberater &amp; Wirtschaftspr\u00fcfer Augsburg","article_modified_time":"2021-03-05T18:58:47+00:00","og_image":[{"width":1283,"height":832,"url":"https:\/\/www.meine-awi.de\/awi-aktuell\/wp-content\/uploads\/sites\/6\/2020\/09\/Deckel-drauf-Stand-Juni-2019.png","type":"image\/png"}],"twitter_card":"summary_large_image","twitter_title":"%","twitter_misc":{"Gesch\u00e4tzte Lesezeit":"1\u00a0Minute"},"schema":{"@context":"https:\/\/schema.org","@graph":[{"@type":"NewsArticle","@id":"https:\/\/www.meine-awi.de\/awi-aktuell\/pressen\/projekt-deckel-drauf-500-deckel-fuer-ein-leben-ohne-polio-zu-ende\/#article","isPartOf":{"@id":"https:\/\/www.meine-awi.de\/awi-aktuell\/pressen\/projekt-deckel-drauf-500-deckel-fuer-ein-leben-ohne-polio-zu-ende\/"},"author":{"name":"Francesco Greco","@id":"https:\/\/www.meine-awi.de\/awi-aktuell\/#\/schema\/person\/064d3056a748d391037cc560c58c4018"},"headline":"PROJEKT &#8220;DECKEL DRAUF \u2013 500 DECKEL F\u00dcR EIN LEBEN OHNE POLIO&#8221; ZU ENDE","datePublished":"2019-06-29T22:00:00+00:00","dateModified":"2021-03-05T18:58:47+00:00","mainEntityOfPage":{"@id":"https:\/\/www.meine-awi.de\/awi-aktuell\/pressen\/projekt-deckel-drauf-500-deckel-fuer-ein-leben-ohne-polio-zu-ende\/"},"wordCount":121,"publisher":{"@id":"https:\/\/www.meine-awi.de\/awi-aktuell\/#organization"},"image":{"@id":"https:\/\/www.meine-awi.de\/awi-aktuell\/pressen\/projekt-deckel-drauf-500-deckel-fuer-ein-leben-ohne-polio-zu-ende\/#primaryimage"},"thumbnailUrl":"https:\/\/www.meine-awi.de\/awi-aktuell\/wp-content\/uploads\/sites\/6\/2020\/09\/Deckel-drauf-Stand-Juni-2019.png","inLanguage":"de"},{"@type":"WebPage","@id":"https:\/\/www.meine-awi.de\/awi-aktuell\/pressen\/projekt-deckel-drauf-500-deckel-fuer-ein-leben-ohne-polio-zu-ende\/","url":"https:\/\/www.meine-awi.de\/awi-aktuell\/pressen\/projekt-deckel-drauf-500-deckel-fuer-ein-leben-ohne-polio-zu-ende\/","name":"PROJEKT \"DECKEL DRAUF \u2013 500 DECKEL F\u00dcR EIN LEBEN OHNE POLIO\" ZU ENDE | Aktuelle Steuerthemen Steuerberater &amp; Wirtschaftspr\u00fcfer Augsburg %","isPartOf":{"@id":"https:\/\/www.meine-awi.de\/awi-aktuell\/#website"},"primaryImageOfPage":{"@id":"https:\/\/www.meine-awi.de\/awi-aktuell\/pressen\/projekt-deckel-drauf-500-deckel-fuer-ein-leben-ohne-polio-zu-ende\/#primaryimage"},"image":{"@id":"https:\/\/www.meine-awi.de\/awi-aktuell\/pressen\/projekt-deckel-drauf-500-deckel-fuer-ein-leben-ohne-polio-zu-ende\/#primaryimage"},"thumbnailUrl":"https:\/\/www.meine-awi.de\/awi-aktuell\/wp-content\/uploads\/sites\/6\/2020\/09\/Deckel-drauf-Stand-Juni-2019.png","datePublished":"2019-06-29T22:00:00+00:00","dateModified":"2021-03-05T18:58:47+00:00","description":"Am 30. Juni 2019 ging das rotarische Projekt Deckel drauf \u2013 500 Deckel f\u00fcr ein Leben ohne Polio zu Ende. Die letzten zwei S\u00e4cke \u00fcbergab uns die Reischlesche Wirtschaftsschule aus Augsburg, der wir stellvertretend f\u00fcr alle, die das Projekt w\u00e4hrend der vergangenen zwei Jahre begleitet und unterst\u00fctzt haben, herzlich danken. Viele","breadcrumb":{"@id":"https:\/\/www.meine-awi.de\/awi-aktuell\/pressen\/projekt-deckel-drauf-500-deckel-fuer-ein-leben-ohne-polio-zu-ende\/#breadcrumb"},"inLanguage":"de","potentialAction":[{"@type":"ReadAction","target":["https:\/\/www.meine-awi.de\/awi-aktuell\/pressen\/projekt-deckel-drauf-500-deckel-fuer-ein-leben-ohne-polio-zu-ende\/"]}]},{"@type":"ImageObject","inLanguage":"de","@id":"https:\/\/www.meine-awi.de\/awi-aktuell\/pressen\/projekt-deckel-drauf-500-deckel-fuer-ein-leben-ohne-polio-zu-ende\/#primaryimage","url":"https:\/\/www.meine-awi.de\/awi-aktuell\/wp-content\/uploads\/sites\/6\/2020\/09\/Deckel-drauf-Stand-Juni-2019.png","contentUrl":"https:\/\/www.meine-awi.de\/awi-aktuell\/wp-content\/uploads\/sites\/6\/2020\/09\/Deckel-drauf-Stand-Juni-2019.png","width":1283,"height":832},{"@type":"BreadcrumbList","@id":"https:\/\/www.meine-awi.de\/awi-aktuell\/pressen\/projekt-deckel-drauf-500-deckel-fuer-ein-leben-ohne-polio-zu-ende\/#breadcrumb","itemListElement":[{"@type":"ListItem","position":1,"name":"Home","item":"https:\/\/www.meine-awi.de\/awi-aktuell\/"},{"@type":"ListItem","position":2,"name":"Press","item":"https:\/\/www.meine-awi.de\/awi-aktuell\/pressen\/"},{"@type":"ListItem","position":3,"name":"AWI Welt","item":"https:\/\/www.meine-awi.de\/awi-aktuell\/nachricht-fur\/awi-welt\/"},{"@type":"ListItem","position":4,"name":"PROJEKT &#8220;DECKEL DRAUF \u2013 500 DECKEL F\u00dcR EIN LEBEN OHNE POLIO&#8221; ZU ENDE"}]},{"@type":"WebSite","@id":"https:\/\/www.meine-awi.de\/awi-aktuell\/#website","url":"https:\/\/www.meine-awi.de\/awi-aktuell\/","name":"Aktuelle Steuerthemen Steuerberater &amp; Wirtschaftspr\u00fcfer Augsburg","description":"awi Wirtschaftskanzlei Augsburg","publisher":{"@id":"https:\/\/www.meine-awi.de\/awi-aktuell\/#organization"},"potentialAction":[{"@type":"SearchAction","target":{"@type":"EntryPoint","urlTemplate":"https:\/\/www.meine-awi.de\/awi-aktuell\/?s={search_term_string}"},"query-input":{"@type":"PropertyValueSpecification","valueRequired":true,"valueName":"search_term_string"}}],"inLanguage":"de"},{"@type":"Organization","@id":"https:\/\/www.meine-awi.de\/awi-aktuell\/#organization","name":"AWI TREUHAND","url":"https:\/\/www.meine-awi.de\/awi-aktuell\/","logo":{"@type":"ImageObject","inLanguage":"de","@id":"https:\/\/www.meine-awi.de\/awi-aktuell\/#\/schema\/logo\/image\/","url":"https:\/\/www.meine-awi.de\/awi-aktuell\/wp-content\/uploads\/sites\/6\/2020\/12\/AWI-LOGO-grande-senza-awi.png","contentUrl":"https:\/\/www.meine-awi.de\/awi-aktuell\/wp-content\/uploads\/sites\/6\/2020\/12\/AWI-LOGO-grande-senza-awi.png","width":497,"height":558,"caption":"AWI TREUHAND"},"image":{"@id":"https:\/\/www.meine-awi.de\/awi-aktuell\/#\/schema\/logo\/image\/"}},{"@type":"Person","@id":"https:\/\/www.meine-awi.de\/awi-aktuell\/#\/schema\/person\/064d3056a748d391037cc560c58c4018","name":"Francesco Greco","image":{"@type":"ImageObject","inLanguage":"de","@id":"https:\/\/secure.gravatar.com\/avatar\/7fda85abd54f7f60b4b0d3ef18ad4f91937432ed15cc10830743704ca8d1bf3f?s=96&d=mm&r=g","url":"https:\/\/secure.gravatar.com\/avatar\/7fda85abd54f7f60b4b0d3ef18ad4f91937432ed15cc10830743704ca8d1bf3f?s=96&d=mm&r=g","contentUrl":"https:\/\/secure.gravatar.com\/avatar\/7fda85abd54f7f60b4b0d3ef18ad4f91937432ed15cc10830743704ca8d1bf3f?s=96&d=mm&r=g","caption":"Francesco Greco"},"url":"https:\/\/www.meine-awi.de\/awi-aktuell\/author\/greco\/"}]}},"_links":{"self":[{"href":"https:\/\/www.meine-awi.de\/awi-aktuell\/wp-json\/wp\/v2\/pressen\/10023","targetHints":{"allow":["GET"]}}],"collection":[{"href":"https:\/\/www.meine-awi.de\/awi-aktuell\/wp-json\/wp\/v2\/pressen"}],"about":[{"href":"https:\/\/www.meine-awi.de\/awi-aktuell\/wp-json\/wp\/v2\/types\/pressen"}],"author":[{"embeddable":true,"href":"https:\/\/www.meine-awi.de\/awi-aktuell\/wp-json\/wp\/v2\/users\/4"}],"version-history":[{"count":0,"href":"https:\/\/www.meine-awi.de\/awi-aktuell\/wp-json\/wp\/v2\/pressen\/10023\/revisions"}],"wp:featuredmedia":[{"embeddable":true,"href":"https:\/\/www.meine-awi.de\/awi-aktuell\/wp-json\/wp\/v2\/media\/5481"}],"wp:attachment":[{"href":"https:\/\/www.meine-awi.de\/awi-aktuell\/wp-json\/wp\/v2\/media?parent=10023"}],"wp:term":[{"taxonomy":"nachricht-fur","embeddable":true,"href":"https:\/\/www.meine-awi.de\/awi-aktuell\/wp-json\/wp\/v2\/nachricht-fur?post=10023"},{"taxonomy":"wo-soll-es-gezeigt-werden","embeddable":true,"href":"https:\/\/www.meine-awi.de\/awi-aktuell\/wp-json\/wp\/v2\/wo-soll-es-gezeigt-werden?post=10023"}],"curies":[{"name":"wp","href":"https:\/\/api.w.org\/{rel}","templated":true}]}}